{"id":1554,"date":"2016-02-07T21:24:22","date_gmt":"2016-02-07T21:24:22","guid":{"rendered":"http:\/\/eec.cat\/blog\/?p=1554"},"modified":"2026-04-05T18:52:38","modified_gmt":"2026-04-05T17:52:38","slug":"dia-a-dia-8-dede-febrer-2016","status":"publish","type":"post","link":"https:\/\/eec.cat\/blog\/dia-a-dia-8-dede-febrer-2016\/","title":{"rendered":"Dia a Dia. 8 de febrer &#8211; 14 de febrer"},"content":{"rendered":"<p><strong><span style=\"text-decoration: underline;\"><span style=\"color: #0000ff; text-decoration: underline;\"><a href=\"http:\/\/eec.cat\/blog\/wp-content\/uploads\/2016\/02\/port.jpg\"><img loading=\"lazy\" decoding=\"async\" class=\"alignleft size-thumbnail wp-image-1555\" src=\"http:\/\/eec.cat\/blog\/wp-content\/uploads\/2016\/02\/port-150x150.jpg\" alt=\"port\" width=\"150\" height=\"150\" \/><\/a>8 de febrer<\/span><\/span><\/strong><\/p>\n<p>Isa\u00efes 58, 1-12<br \/>\nSenyor i D\u00e9u nostre, fes-nos conscients de les nostres errades, que la teva paraula desperti en nosaltres el discerniment de la teva voluntat. Quantes vegades ens amaguem en rutines que no serveixen per res, quantes vegades reclamem el que nosaltres no practiquem. Senyor, ensenya\u2019ns que si volem just\u00edcia hem de fer-la, si volem pau hem de lluitar per ella. No ens mantinguis en l\u2019error parla\u2019ns i transforma\u2019ns en la teva voluntat.<\/p>\n<p><strong><span style=\"text-decoration: underline;\"><span style=\"color: #0000ff; text-decoration: underline;\">9 de febrer<\/span><\/span><\/strong><\/p>\n<p>Romans 5, 12-17<br \/>\nPer amor a la teva creaci\u00f3 has volgut oferir per gr\u00e0cia la teva salvaci\u00f3, una salvaci\u00f3 que ens deslliure de les cadenes que ens lligaven a una llei que sempre ens condemnava. Gr\u00e0cies Senyor per Jes\u00fas, per la seva fidelitat en l\u2019amor; en ell hem trobat el cam\u00ed de la llibertat que ens atorga la teva just\u00edcia. Que sapiguem respondre al teu do oferint a la teva creaci\u00f3 la sobreabund\u00e0ncia de la teva gr\u00e0cia.<\/p>\n<p><strong><span style=\"text-decoration: underline;\"><span style=\"color: #0000ff; text-decoration: underline;\">10 de febrer<\/span><\/span><\/strong><\/p>\n<p>Joel 2, 12-17<br \/>\nPerdona\u2019ns Senyor de les nostres errades, perdona\u2019ns si els nostres fets no acompanyen a les nostres paraules, volem construir un mon nou, per\u00f2 masses vegades ens amaguem rere les nostres debilitats per no posar-nos a treballar. Omple\u2019ns de la teva miseric\u00f2rdia per poder-la compartir, vesa sobre nosaltres el teu amor per escampar-lo per tota la terra.<\/p>\n<p><strong><span style=\"text-decoration: underline;\"><span style=\"color: #0000ff; text-decoration: underline;\">11 de febrer<\/span><\/span><\/strong><\/p>\n<p>Mateu 6, 19-21<br \/>\nVolem omplir els nostres cors del tresor de la teva paraula, volem fer-nos rics de les teves promeses de salvaci\u00f3 i miseric\u00f2rdia. Senyor, d\u00f3na\u2019ns seny per mirar la teva just\u00edcia i no anhelar all\u00f2 que \u00e9s caduc i que mor, volem omplir les nostres vides dels teus dons, i compartir-los amb tots els que ens envolten.<\/p>\n<p><strong><span style=\"text-decoration: underline;\"><span style=\"color: #0000ff; text-decoration: underline;\">12 de febrer<\/span><\/span><\/strong><\/p>\n<p>G\u00e8nesi 9, 8-17<br \/>\nDespr\u00e9s de la tempesta sempre ve la calma, despr\u00e9s del perill sempre arriba la teva salvaci\u00f3. Senyor fes-nos pilars ferms en mig de les calamitats, que quan tot trontolla sapiguem esperar la teva salvaci\u00f3, que sortim a buscar-la amb la confian\u00e7a de que en mig de la lluita tu et mantens al nostre costat.<\/p>\n<p><strong><span style=\"text-decoration: underline;\"><span style=\"color: #0000ff; text-decoration: underline;\">13 de febrer<\/span><\/span><\/strong><\/p>\n<p>Efesis 5, 8-14<br \/>\nQue la llum de la teva mirada amorosa, demostrada en Jes\u00fas el teu fill, brilli a les nostres vides, per els dons de la teva claror siguin manifestos en mig del teu poble. Que siguem llum pels que estan perduts, que els nostres camins mostrin una nova forma de viure pels qui busquen la just\u00edcia i la bondat. Que en el teu poble aquest mon trobi la teva veritat.<\/p>\n<p><strong><span style=\"text-decoration: underline;\"><span style=\"color: #0000ff; text-decoration: underline;\">14 de febrer<\/span><\/span><\/strong><\/p>\n<p>Salm 19<br \/>\nNecessito il\u00b7luminar la meva vida amb la teva paraula, que el teu seny i la teva saviesa inspiri els meus pensaments i les meves accions. Veritablement ets gran i poder\u00f3s, creador i sostenidor de la natura m\u00e9s bella i radiant, per\u00f2 alhora t\u2019has fet proper a la teva creaci\u00f3, has decidit rescatar-nos, has vingut a buscar-nos. Gr\u00e0cies Senyor, il\u00b7lumina\u2019m i acompanya\u2019m sempre.<\/p>\n","protected":false},"excerpt":{"rendered":"<p>8 de febrer Isa\u00efes 58, 1-12 Senyor i D\u00e9u nostre, fes-nos conscients de les nostres errades, que la teva paraula desperti en nosaltres el discerniment de la teva voluntat. Quantes vegades ens amaguem en rutines que no serveixen per res, quantes vegades reclamem el que nosaltres no practiquem. Senyor, ensenya\u2019ns que si volem just\u00edcia hem [&hellip;]<\/p>\n","protected":false},"author":1,"featured_media":1555,"comment_status":"open","ping_status":"open","sticky":false,"template":"","format":"standard","meta":{"_jetpack_memberships_contains_paid_content":false,"footnotes":""},"categories":[7],"tags":[],"class_list":["post-1554","post","type-post","status-publish","format-standard","has-post-thumbnail","hentry","category-meditacions-diaries"],"jetpack_sharing_enabled":true,"jetpack_featured_media_url":"https:\/\/eec.cat\/blog\/wp-content\/uploads\/2016\/02\/port.jpg","_links":{"self":[{"href":"https:\/\/eec.cat\/blog\/wp-json\/wp\/v2\/posts\/1554","targetHints":{"allow":["GET"]}}],"collection":[{"href":"https:\/\/eec.cat\/blog\/wp-json\/wp\/v2\/posts"}],"about":[{"href":"https:\/\/eec.cat\/blog\/wp-json\/wp\/v2\/types\/post"}],"author":[{"embeddable":true,"href":"https:\/\/eec.cat\/blog\/wp-json\/wp\/v2\/users\/1"}],"replies":[{"embeddable":true,"href":"https:\/\/eec.cat\/blog\/wp-json\/wp\/v2\/comments?post=1554"}],"version-history":[{"count":1,"href":"https:\/\/eec.cat\/blog\/wp-json\/wp\/v2\/posts\/1554\/revisions"}],"predecessor-version":[{"id":2697,"href":"https:\/\/eec.cat\/blog\/wp-json\/wp\/v2\/posts\/1554\/revisions\/2697"}],"wp:featuredmedia":[{"embeddable":true,"href":"https:\/\/eec.cat\/blog\/wp-json\/wp\/v2\/media\/1555"}],"wp:attachment":[{"href":"https:\/\/eec.cat\/blog\/wp-json\/wp\/v2\/media?parent=1554"}],"wp:term":[{"taxonomy":"category","embeddable":true,"href":"https:\/\/eec.cat\/blog\/wp-json\/wp\/v2\/categories?post=1554"},{"taxonomy":"post_tag","embeddable":true,"href":"https:\/\/eec.cat\/blog\/wp-json\/wp\/v2\/tags?post=1554"}],"curies":[{"name":"wp","href":"https:\/\/api.w.org\/{rel}","templated":true}]}}