{"id":1549,"date":"2016-02-01T07:56:03","date_gmt":"2016-02-01T07:56:03","guid":{"rendered":"http:\/\/eec.cat\/blog\/?p=1549"},"modified":"2026-04-05T18:58:13","modified_gmt":"2026-04-05T17:58:13","slug":"dia-a-dia-1-dede-febrer-2016","status":"publish","type":"post","link":"https:\/\/eec.cat\/blog\/dia-a-dia-1-dede-febrer-2016\/","title":{"rendered":"Dia a Dia. 1 de febrer &#8211; 7 de febrer"},"content":{"rendered":"<p><strong><span style=\"text-decoration: underline;\"><span style=\"color: #0000ff; text-decoration: underline;\"><a href=\"http:\/\/eec.cat\/blog\/wp-content\/uploads\/2016\/02\/roncal.jpg\"><img loading=\"lazy\" decoding=\"async\" class=\"alignleft size-thumbnail wp-image-1550\" src=\"http:\/\/eec.cat\/blog\/wp-content\/uploads\/2016\/02\/roncal-150x150.jpg\" alt=\"roncal\" width=\"150\" height=\"150\" \/><\/a>1 de febrer<\/span><\/span><\/strong><\/p>\n<p>Mateu 7, 13-14<br \/>\nVull trobar el cam\u00ed de la vida, vull passejar per les seves sendes, segura de que encara que sigui tortu\u00f3s, encara que demani de mi l\u2019esfor\u00e7 de donar-me als altres, de considerar al pro\u00efsme m\u00e9s que a mi mateix, segura de que no ser\u00e0 f\u00e0cil, per\u00f2 conven\u00e7uda de que tu, D\u00e9u meu, camines amb mi.<\/p>\n<p><strong><span style=\"text-decoration: underline;\"><span style=\"color: #0000ff; text-decoration: underline;\">2 de febrer<\/span><\/span><\/strong><br \/>\n\u00c8xode 32, 7-13<br \/>\nSenyor, no permetis que posem el nostres ulls en ning\u00fa que no siguis tu, sabem que moltes vegades ens deixem enlluernar per les \u00eddols d\u2019aquest m\u00f3n, ens perdem en els discursos de la fal\u00b7l\u00e0cia, oblidant qui \u00e9s el nostre llibertador. D\u00e9u nostre, demanem la teva miseric\u00f2rdia per les nostres errades i la teva saviesa per a continuar dia a dia als teus camins.<\/p>\n<p><strong><span style=\"text-decoration: underline;\"><span style=\"color: #0000ff; text-decoration: underline;\">3 de febrer<\/span><\/span><\/strong><\/p>\n<p>2 Corintis 11, 26-30<br \/>\nEn les meves mancances tu demostres el teu poder, en les meves debilitats el teu Esperit em sost\u00e9, en tot all\u00f2 a on no arribi en tu trobo forces per fer-ho. No permetis que m\u2019aparti de tu Senyor, si el cam\u00ed \u00e9s dur s\u00e9 que el fas amb mi, si la tasca em supera, s\u00e9 que tu m\u2019aixecar\u00e0s per seguir endavant. Vull caminar en el teu Esperit, confiada de que tu ets qui em sost\u00e9.<\/p>\n<p><strong><span style=\"text-decoration: underline;\"><span style=\"color: #0000ff; text-decoration: underline;\">4 de febrer<\/span><\/span><\/strong><\/p>\n<p>Deuteronomi 6, 4-9<br \/>\nLa teva paraula ha de ser inspiraci\u00f3 per la meva vida, vull amarar tot el que s\u00f3c i el tinc d\u2019ella, de la seva saviesa, del seu consol, de les seves forces. En la teva paraula vull viure per saber endinsar-me en els teus camins, per saber seguir les teves sendes. No permetis que oblidi el teu consell, no permetis que no el comparteixi.<\/p>\n<p><strong><span style=\"text-decoration: underline;\"><span style=\"color: #0000ff; text-decoration: underline;\">5 de febrer<\/span><\/span><\/strong><\/p>\n<p>Hebreus 10, 19-22<br \/>\nEn Jes\u00fas he trobat el cam\u00ed al Pare, un cam\u00ed obert, un cam\u00ed de fe que m\u2019ha atorgat una nova vida; en Jes\u00fas he trobat la llibertat d\u2019acostar-me a D\u00e9u, m\u00e9s enll\u00e0 de les meves errades i faltes, que ja no compten, perqu\u00e8 he trobat el perd\u00f3 de D\u00e9u. No hi ha res que m\u2019impedeixi arribar-me a D\u00e9u i donar-li la meva lloan\u00e7a, perqu\u00e8 ell ha vesat sobre mi la seva miseric\u00f2rdia.<\/p>\n<p><strong><span style=\"text-decoration: underline;\"><span style=\"color: #0000ff; text-decoration: underline;\">6 de febrer<\/span><\/span><\/strong><\/p>\n<p>Joan 14, 6-8<br \/>\nEl cam\u00ed a D\u00e9u fou la humanitat del seu Fill, en Jes\u00fas he conegut un Pare molt diferent al de la llei i el manament, un Pare que no era com els homes el descrivien, un Pare que abra\u00e7a en comptes de castigar, que estimar en comptes de demanar, que perdona en comptes de condemnar. Jes\u00fas \u00e9s el cam\u00ed veritable a D\u00e9u.<\/p>\n<p><strong><span style=\"text-decoration: underline;\"><span style=\"color: #0000ff; text-decoration: underline;\">7 de febrer<\/span><\/span><\/strong><\/p>\n<p>Salm 103<br \/>\nVull cantar un nou c\u00e0ntic, vull trobar paraules noves per agrair tot el que has fet a la meva vida, tot el que m\u2019has donat; per\u00f2 no hi ha mots que pugui fer servir, cap pot expressar la meravella de tot el que m\u2019has atorgat, per aix\u00f2 parlo d\u2019amor i perd\u00f3, paraules petites per tu per\u00f2 que volen expressar un agra\u00efment profund i sincer. En tu he trobat la veritable vida, gr\u00e0cies Senyor.<\/p>\n","protected":false},"excerpt":{"rendered":"<p>1 de febrer Mateu 7, 13-14 Vull trobar el cam\u00ed de la vida, vull passejar per les seves sendes, segura de que encara que sigui tortu\u00f3s, encara que demani de mi l\u2019esfor\u00e7 de donar-me als altres, de considerar al pro\u00efsme m\u00e9s que a mi mateix, segura de que no ser\u00e0 f\u00e0cil, per\u00f2 conven\u00e7uda de que [&hellip;]<\/p>\n","protected":false},"author":1,"featured_media":1550,"comment_status":"open","ping_status":"open","sticky":false,"template":"","format":"standard","meta":{"_jetpack_memberships_contains_paid_content":false,"footnotes":""},"categories":[7],"tags":[],"class_list":["post-1549","post","type-post","status-publish","format-standard","has-post-thumbnail","hentry","category-meditacions-diaries"],"jetpack_sharing_enabled":true,"jetpack_featured_media_url":"https:\/\/eec.cat\/blog\/wp-content\/uploads\/2016\/02\/roncal.jpg","_links":{"self":[{"href":"https:\/\/eec.cat\/blog\/wp-json\/wp\/v2\/posts\/1549","targetHints":{"allow":["GET"]}}],"collection":[{"href":"https:\/\/eec.cat\/blog\/wp-json\/wp\/v2\/posts"}],"about":[{"href":"https:\/\/eec.cat\/blog\/wp-json\/wp\/v2\/types\/post"}],"author":[{"embeddable":true,"href":"https:\/\/eec.cat\/blog\/wp-json\/wp\/v2\/users\/1"}],"replies":[{"embeddable":true,"href":"https:\/\/eec.cat\/blog\/wp-json\/wp\/v2\/comments?post=1549"}],"version-history":[{"count":2,"href":"https:\/\/eec.cat\/blog\/wp-json\/wp\/v2\/posts\/1549\/revisions"}],"predecessor-version":[{"id":2702,"href":"https:\/\/eec.cat\/blog\/wp-json\/wp\/v2\/posts\/1549\/revisions\/2702"}],"wp:featuredmedia":[{"embeddable":true,"href":"https:\/\/eec.cat\/blog\/wp-json\/wp\/v2\/media\/1550"}],"wp:attachment":[{"href":"https:\/\/eec.cat\/blog\/wp-json\/wp\/v2\/media?parent=1549"}],"wp:term":[{"taxonomy":"category","embeddable":true,"href":"https:\/\/eec.cat\/blog\/wp-json\/wp\/v2\/categories?post=1549"},{"taxonomy":"post_tag","embeddable":true,"href":"https:\/\/eec.cat\/blog\/wp-json\/wp\/v2\/tags?post=1549"}],"curies":[{"name":"wp","href":"https:\/\/api.w.org\/{rel}","templated":true}]}}