{"id":1546,"date":"2016-01-25T05:02:48","date_gmt":"2016-01-25T05:02:48","guid":{"rendered":"http:\/\/eec.cat\/blog\/?p=1546"},"modified":"2026-04-05T18:57:22","modified_gmt":"2026-04-05T17:57:22","slug":"dia-a-dia-25-d-de-gener-2016","status":"publish","type":"post","link":"https:\/\/eec.cat\/blog\/dia-a-dia-25-d-de-gener-2016\/","title":{"rendered":"Dia a Dia. 25 de gener &#8211; 31 de gener"},"content":{"rendered":"<p><strong><span style=\"text-decoration: underline;\"><span style=\"color: #0000ff; text-decoration: underline;\"><a href=\"http:\/\/eec.cat\/blog\/wp-content\/uploads\/2016\/01\/panta.jpg\"><img loading=\"lazy\" decoding=\"async\" class=\"alignleft size-thumbnail wp-image-1547\" src=\"http:\/\/eec.cat\/blog\/wp-content\/uploads\/2016\/01\/panta-150x150.jpg\" alt=\"panta\" width=\"150\" height=\"150\" \/><\/a>25 de gener<\/span><\/span><\/strong><\/p>\n<p>Joan 12, 37-43<br \/>\nSenyor que els homes no ens facin por, que la teva paraula brolli a les nostres vides, que siguem capa\u00e7os de compartir-la, oblidant-nos de buscar l\u2019honor d\u2019aquest m\u00f3n, posant els nostres ulls en Jes\u00fas, qui ens mostr\u00e0 una nova manera de viure, un nova forma de relacionar-nos. Volem escoltar-lo, Senyor, volem sentir la seva veu d\u2019al\u00e8 i caminar en les seves passes.<\/p>\n<p><strong><span style=\"text-decoration: underline;\"><span style=\"color: #0000ff; text-decoration: underline;\">26 de gener<\/span><\/span><\/strong><\/p>\n<p>Lamentacions 3, 55-57<br \/>\nQue el teu confort Senyor arribi a tots i totes les que pateixen, el nostre m\u00f3n \u00e9s ple de v\u00edctimes innocents que viuen la viol\u00e8ncia i la mort provocades per l\u2019egoisme i la cobd\u00edcia; la por amara els cors de tantes persones! Que els hi arribi la teva veu consoladora, que la teva abra\u00e7ada els doni forces per continuar. Fes-nos, D\u00e9u nostre, sensibles al seu patir, d\u00f3na\u2019ns el coratge de defensar-les.<\/p>\n<p><strong><span style=\"text-decoration: underline;\"><span style=\"color: #0000ff; text-decoration: underline;\">27 de gener<\/span><\/span><\/strong><\/p>\n<p>Joan 14, 15-21<br \/>\n\u00c9s pel teu Esperit, Senyor, que tenim la certesa de que ets amb nosaltres, per ell podem gaudir de la comuni\u00f3, amb tu i amb els que ens envolten. Gr\u00e0cies perqu\u00e8 no ens has deixat orfes, gr\u00e0cies perqu\u00e8 la teva pres\u00e8ncia \u00e9s una realitat. Manifesta\u2019t a les nostres vides, ensenya\u2019ns a estimar tal i com tu ho vas fer.<\/p>\n<p><strong><span style=\"text-decoration: underline;\"><span style=\"color: #0000ff; text-decoration: underline;\">28 de gener<\/span><\/span><\/strong><\/p>\n<p>Ageu 1, 12-15<br \/>\nNecessitem la teva veu Senyor, necessitem una paraula d\u2019impuls i de coratge per posar-nos a treballar, volem construir un nou m\u00f3n, un m\u00f3n de just\u00edcia i de dignitat per a tota la teva creaci\u00f3, i volem comen\u00e7ar per edificar la teva esgl\u00e9sia. Tu ets amb nosaltres, perqu\u00e8 la tasca doni fruit, perqu\u00e8 l\u2019esfor\u00e7 tingui recompensa. Acompanya\u2019ns Senyor en el treball i encoratja\u2019ns amb la teva paraula.<\/p>\n<p><strong><span style=\"text-decoration: underline;\"><span style=\"color: #0000ff; text-decoration: underline;\">29 de gener<\/span><\/span><\/strong><\/p>\n<p>Romans 3, 21-26<br \/>\nD\u00e9u nostre, volem manifestar la teva just\u00edcia en mig d\u2019aquest m\u00f3n, que el do que ens has concedit, per gr\u00e0cia, sapiguem donar-lo, sapiguem compartir-lo amb els que pateixen. En Jesucrist vas manifestar la just\u00edcia que salva, que perdona, que transforma vides, i \u00e9s aquesta la que volem viure i proclamar. La teva just\u00edcia salva Senyor, gr\u00e0cies.<\/p>\n<p><strong><span style=\"text-decoration: underline;\"><span style=\"color: #0000ff; text-decoration: underline;\">30 de gener<\/span><\/span><\/strong><\/p>\n<p>Isa\u00efes 9, 5-6<br \/>\nEn l\u2019infant que va n\u00e9ixer, en mig de la pobresa, en el fred de la nit, ha nascut una nova creaci\u00f3, un nou regne de just\u00edcia i pau per la humanitat, i tot per el teu gran amor, ardent i poder\u00f3s, que crema les nostres faltes i errades, per omplir el nostre cor del teu perd\u00f3. Gr\u00e0cies Senyor per el teu Fill, gr\u00e0cies per en ell podem omplir-nos de la teva voluntat.<\/p>\n<p><strong><span style=\"text-decoration: underline;\"><span style=\"color: #0000ff; text-decoration: underline;\">31 de gener<\/span><\/span><\/strong><\/p>\n<p>Salm 29<br \/>\nLa teva veu, D\u00e9u nostre, \u00e9s poderosa, ressona al llarg del m\u00f3n, formant i transformant, per\u00f2 tamb\u00e9 pot ser suau com un murmuri, dol\u00e7a com una mare que acarona. La teva veu proclama la just\u00edcia en mig del m\u00f3n, reclama la pau per la teva creaci\u00f3. A tu que parles i estimes, a tu volem escoltar.<\/p>\n","protected":false},"excerpt":{"rendered":"<p>25 de gener Joan 12, 37-43 Senyor que els homes no ens facin por, que la teva paraula brolli a les nostres vides, que siguem capa\u00e7os de compartir-la, oblidant-nos de buscar l\u2019honor d\u2019aquest m\u00f3n, posant els nostres ulls en Jes\u00fas, qui ens mostr\u00e0 una nova manera de viure, un nova forma de relacionar-nos. Volem escoltar-lo, [&hellip;]<\/p>\n","protected":false},"author":1,"featured_media":1547,"comment_status":"open","ping_status":"open","sticky":false,"template":"","format":"standard","meta":{"_jetpack_memberships_contains_paid_content":false,"footnotes":""},"categories":[7],"tags":[],"class_list":["post-1546","post","type-post","status-publish","format-standard","has-post-thumbnail","hentry","category-meditacions-diaries"],"jetpack_sharing_enabled":true,"jetpack_featured_media_url":"https:\/\/eec.cat\/blog\/wp-content\/uploads\/2016\/01\/panta.jpg","_links":{"self":[{"href":"https:\/\/eec.cat\/blog\/wp-json\/wp\/v2\/posts\/1546","targetHints":{"allow":["GET"]}}],"collection":[{"href":"https:\/\/eec.cat\/blog\/wp-json\/wp\/v2\/posts"}],"about":[{"href":"https:\/\/eec.cat\/blog\/wp-json\/wp\/v2\/types\/post"}],"author":[{"embeddable":true,"href":"https:\/\/eec.cat\/blog\/wp-json\/wp\/v2\/users\/1"}],"replies":[{"embeddable":true,"href":"https:\/\/eec.cat\/blog\/wp-json\/wp\/v2\/comments?post=1546"}],"version-history":[{"count":1,"href":"https:\/\/eec.cat\/blog\/wp-json\/wp\/v2\/posts\/1546\/revisions"}],"predecessor-version":[{"id":2701,"href":"https:\/\/eec.cat\/blog\/wp-json\/wp\/v2\/posts\/1546\/revisions\/2701"}],"wp:featuredmedia":[{"embeddable":true,"href":"https:\/\/eec.cat\/blog\/wp-json\/wp\/v2\/media\/1547"}],"wp:attachment":[{"href":"https:\/\/eec.cat\/blog\/wp-json\/wp\/v2\/media?parent=1546"}],"wp:term":[{"taxonomy":"category","embeddable":true,"href":"https:\/\/eec.cat\/blog\/wp-json\/wp\/v2\/categories?post=1546"},{"taxonomy":"post_tag","embeddable":true,"href":"https:\/\/eec.cat\/blog\/wp-json\/wp\/v2\/tags?post=1546"}],"curies":[{"name":"wp","href":"https:\/\/api.w.org\/{rel}","templated":true}]}}