{"id":1543,"date":"2016-01-23T20:07:02","date_gmt":"2016-01-23T20:07:02","guid":{"rendered":"http:\/\/eec.cat\/blog\/?p=1543"},"modified":"2016-01-23T20:07:34","modified_gmt":"2016-01-23T20:07:34","slug":"fills-de-la-llum","status":"publish","type":"post","link":"https:\/\/eec.cat\/blog\/fills-de-la-llum\/","title":{"rendered":"Fills de la Llum"},"content":{"rendered":"<p><a href=\"http:\/\/eec.cat\/blog\/wp-content\/uploads\/2016\/01\/CAM00420.jpg\"><img loading=\"lazy\" decoding=\"async\" class=\"alignleft size-medium wp-image-1544\" src=\"http:\/\/eec.cat\/blog\/wp-content\/uploads\/2016\/01\/CAM00420-169x300.jpg\" alt=\"CAM00420\" width=\"169\" height=\"300\" srcset=\"https:\/\/eec.cat\/blog\/wp-content\/uploads\/2016\/01\/CAM00420-169x300.jpg 169w, https:\/\/eec.cat\/blog\/wp-content\/uploads\/2016\/01\/CAM00420-576x1024.jpg 576w, https:\/\/eec.cat\/blog\/wp-content\/uploads\/2016\/01\/CAM00420.jpg 1836w\" sizes=\"auto, (max-width: 169px) 100vw, 169px\" \/><\/a>Fa temps vaig assistir a un funeral civil, \u00e9s a dir no religi\u00f3s. Haig de dir que em va agradar perqu\u00e8 qui oficiava la cerim\u00f2nia se l\u2019havia preparat i s\u2019havia pres la mol\u00e8stia d&#8217;assabentar-se de com era el difunt de manera que semblava que l\u2019hagu\u00e9s conegut. Per\u00f2 va ser una cerim\u00f2nia trista perqu\u00e8 es tractava d\u2019un comiat definitiu, no hi havia l\u2019esperan\u00e7a de tornar a retrobar-se en una altra vida m\u00e9s enll\u00e0 de la mort. La mort pel no creient \u00e9s la derrota definitiva de la vida. No hi ha m\u00e9s esperan\u00e7a.<\/p>\n<p>Els creients tenim una esperan\u00e7a. La mort no representa la fi sin\u00f3 un altre comen\u00e7ament. \u00c9s cert que no tenim cap prova d\u2019una altra vida m\u00e9s enll\u00e0 de la mort i de vegades costa creure-ho. Els aven\u00e7os cient\u00edfics no han descobert mai un altre tipus d\u2019exist\u00e8ncia que demostri el que ens va dir Jes\u00fas. Per\u00f2, malgrat totes les evid\u00e8ncies cient\u00edfiques, la vida despr\u00e9s de la mort \u00e9s la nostra esperan\u00e7a.<\/p>\n<p>Sovint des dels estaments eclesials s\u2019ha accentuat l\u2019esperan\u00e7a amb un objectiu alienant: No et preocupis per les pen\u00faries d\u2019avui perqu\u00e8 dem\u00e0 D\u00e9u t\u2019ho recompensar\u00e0. No deixava de tenir ra\u00f3 Marx quan deia que la religi\u00f3 \u00e9s l\u2019opi del poble. Per\u00f2 cal afirmar amb rotunditat que una cosa \u00e9s el que pugui dir un estament eclesial i una altra el que diu Jesucrist. L&#8217;Esperan\u00e7a cristiana no \u00e9s una esperan\u00e7a alienant, \u00e9s una esperan\u00e7a que ens porta a la lluita per la vida.<\/p>\n<p>De vegades des del cristianisme tenim la temptaci\u00f3 de fer de pol\u00edtics. Des dels estaments eclesials es t\u00e9 la temptaci\u00f3 d\u2019imposar el cristianisme a trav\u00e9s de les lleis per tal de fer millorar la societat i d\u2019aquesta manera tenir persones amb un comportament m\u00e9s proper al cristianisme.<\/p>\n<p>Per\u00f2 \u00e9s feina dels pol\u00edtics fer, a trav\u00e9s de les lleis una societat millor per les persones. La missi\u00f3 dels cristians \u00e9s fer millors persones per aconseguir un m\u00f3n millor.<\/p>\n<p>Hi ha un debat entre els qui afirmen que l\u2019home \u00e9s bo per naturalesa i la societat \u00e9s qui corromp l\u2019home i els qui afirmen que l\u2019home \u00e9s dolent per naturalesa i \u00e9s nom\u00e9s a trav\u00e9s d\u2019una societat justa que aconseguirem persones bones. La reforma protestant creu que l\u2019home \u00e9s dolent per naturalesa i nom\u00e9s el Crist pot transformar i portar-lo cap el b\u00e9.<\/p>\n<p>Per\u00f2 malauradament avui en dia el cristianisme que triomfa no \u00e9s el de seguir el Crist per fer de nosaltres bondat, just\u00edcia i veritat sin\u00f3 que el cristianisme que triomfa \u00e9s un altre. \u00c9s la teologia de la prosperitat, la teologia de la recompensa, la teologia de l\u2019\u00e8xit; si tu ets un bon cristi\u00e0, D\u00e9u t\u2019ho recompensar\u00e0 amb prosperitat i salut. I aix\u00ed prometen tota mena de ventures pel fet de ser<br \/>\ncristi\u00e0. Relacionen de manera grotesca el cristianisme amb la societat del consum i dels valors del neoliberalisme tot afirmant que si no ets beneit amb \u00e8xits i riqueses, \u00e9s que no ets un bon cristi\u00e0. Seguint aquesta l\u00ednia de pensament podr\u00edem concloure que no cal auxiliar els que ho passen malament perqu\u00e8 nom\u00e9s cal ser un bon cristi\u00e0 per aconseguir que D\u00e9u t\u2019auxili\u00ef. Res a veure amb els principis del cristianisme de solidaritat, just\u00edcia i amor.<\/p>\n<p>Tamb\u00e9 hi ha una altra teologia: la de les obres. I aquesta teologia ha calat tamb\u00e9 amb for\u00e7a dins el cristianisme fins al punt de ser causa d\u2019angoixa. Ens angoixa el fet d\u2019haver de demostrar que som bons cristians, el verset pels seus fruits els coneixereu ens pressiona com cristians a participar en moviments socials per tal que, per la nostra activitat, se\u2019ns reconegui com cristians. Per\u00f2 nosaltres, els cristians, no estem cridats a canviar la nostra societat. Gent que vulgui transformar la societat n&#8217;hi ha molta, des de pol\u00edtics a infinitats d\u2019Oneg\u00e9s i moviments socials. Per\u00f2 persones bondadoses, justes i que estimin la veritat no anem sobrats. I aix\u00f2 \u00e9s l&#8217;essencial de ser cristi\u00e0, ser fills de la llum. Persones que amb el seu comportament, la seva manera de ser, la seva manera d\u2019estimar i la seva manera de viure s\u00f3n llum pels altres. Els fills de la llum no s\u00f3n cridats a transformar la societat. Aix\u00f2 no vol dir que no puguin participar de moviments socials de solidaritat. Per\u00f2 els fills de la llum s\u00f3n cridats a transformar persones.<\/p>\n<p>Ja ning\u00fa es creu a ning\u00fa. Ja no serveix nom\u00e9s predicar la paraula de D\u00e9u, cal viure-la. All\u00e0 on siguis la teva manera de ser ha d&#8217;il\u00b7luminar, no pel que fas sin\u00f3 pel que ets i pel com ets, per com estimes, pel teu sentit de just\u00edcia i perqu\u00e8 no utilitzes la mentida ni la manipulaci\u00f3 sin\u00f3 que la veritat \u00e9s la teva divisa. I aqu\u00ed est\u00e0 el que \u00e9s essencial, que vegin en tu una manera de ser diferent, que la bondat sigui el teu cam\u00ed, que la just\u00edcia sigui la teva guia i que la veritat sigui la<br \/>\nteva obsessi\u00f3. En resum que reconeguin en tu al Crist.<\/p>\n<p>Ser cristi\u00e0 no consisteix en un \u201cpostureo\u201d per demostrar davant dels altres les nostres virtuts pietoses (aix\u00f2 seria un cristianisme hip\u00f2crita perqu\u00e8 no seria mogut per amor) ni tampoc es tracta d\u2019un mercadeig amb D\u00e9u per aconseguir \u00e8xits terrenals (aix\u00f2 seria un cristianisme antihumanitari perqu\u00e8 amb la meva relaci\u00f3 amb D\u00e9u m\u2019oblido de la resta de la humanitat). Ser Cristi\u00e0 consisteix en reflectir des del fons del cor la llum de D\u00e9u. Som fills de la llum amb una missi\u00f3 i una esperan\u00e7a: la missi\u00f3 de portar la llum de D\u00e9u a tota persona i l\u2019esperan\u00e7a que aquesta llum acabi transformant el nostre m\u00f3n.<\/p>\n<p>En altre temps \u00e9reu tenebres, per\u00f2 ara que esteu en el Senyor sou llum. Viviu com a fills de la llum. Perqu\u00e8 els fruits de la llum s\u00f3n bondat, just\u00edcia i veritat. (Efesis 5, 8-9).<\/p>\n<p><strong>Rub\u00e9n Pall\u00e0s<\/strong><\/p>\n","protected":false},"excerpt":{"rendered":"<p>Fa temps vaig assistir a un funeral civil, \u00e9s a dir no religi\u00f3s. Haig de dir que em va agradar perqu\u00e8 qui oficiava la cerim\u00f2nia se l\u2019havia preparat i s\u2019havia pres la mol\u00e8stia d&#8217;assabentar-se de com era el difunt de manera que semblava que l\u2019hagu\u00e9s conegut. Per\u00f2 va ser una cerim\u00f2nia trista perqu\u00e8 es tractava [&hellip;]<\/p>\n","protected":false},"author":1,"featured_media":0,"comment_status":"open","ping_status":"open","sticky":false,"template":"","format":"standard","meta":{"_jetpack_memberships_contains_paid_content":false,"footnotes":""},"categories":[6],"tags":[],"class_list":["post-1543","post","type-post","status-publish","format-standard","hentry","category-reflexions"],"jetpack_sharing_enabled":true,"jetpack_featured_media_url":"","_links":{"self":[{"href":"https:\/\/eec.cat\/blog\/wp-json\/wp\/v2\/posts\/1543","targetHints":{"allow":["GET"]}}],"collection":[{"href":"https:\/\/eec.cat\/blog\/wp-json\/wp\/v2\/posts"}],"about":[{"href":"https:\/\/eec.cat\/blog\/wp-json\/wp\/v2\/types\/post"}],"author":[{"embeddable":true,"href":"https:\/\/eec.cat\/blog\/wp-json\/wp\/v2\/users\/1"}],"replies":[{"embeddable":true,"href":"https:\/\/eec.cat\/blog\/wp-json\/wp\/v2\/comments?post=1543"}],"version-history":[{"count":0,"href":"https:\/\/eec.cat\/blog\/wp-json\/wp\/v2\/posts\/1543\/revisions"}],"wp:attachment":[{"href":"https:\/\/eec.cat\/blog\/wp-json\/wp\/v2\/media?parent=1543"}],"wp:term":[{"taxonomy":"category","embeddable":true,"href":"https:\/\/eec.cat\/blog\/wp-json\/wp\/v2\/categories?post=1543"},{"taxonomy":"post_tag","embeddable":true,"href":"https:\/\/eec.cat\/blog\/wp-json\/wp\/v2\/tags?post=1543"}],"curies":[{"name":"wp","href":"https:\/\/api.w.org\/{rel}","templated":true}]}}