{"id":1537,"date":"2016-01-17T21:10:58","date_gmt":"2016-01-17T21:10:58","guid":{"rendered":"http:\/\/eec.cat\/blog\/?p=1537"},"modified":"2026-04-05T19:00:43","modified_gmt":"2026-04-05T18:00:43","slug":"dia-a-dia-18-d-de-gener-2016","status":"publish","type":"post","link":"https:\/\/eec.cat\/blog\/dia-a-dia-18-d-de-gener-2016\/","title":{"rendered":"Dia a Dia. 18 de gener &#8211; 24 de gener"},"content":{"rendered":"<p><strong><span style=\"text-decoration: underline;\"><span style=\"color: #0000ff; text-decoration: underline;\"><a href=\"http:\/\/eec.cat\/blog\/wp-content\/uploads\/2016\/01\/embarcadero.jpg\"><img loading=\"lazy\" decoding=\"async\" class=\"alignleft size-thumbnail wp-image-1540\" src=\"http:\/\/eec.cat\/blog\/wp-content\/uploads\/2016\/01\/embarcadero-150x150.jpg\" alt=\"embarcadero\" width=\"150\" height=\"150\" \/><\/a>18 de gener<\/span><\/span><\/strong><\/p>\n<p>Apocalipsi 15, 3-4<br \/>\nVull al\u00e7ar a tu un nou c\u00e0ntic, vull trobar paraules per expressar el que sento al teu costat, se\u2019m queda tant petit el meu parlar per explicar la teva grandesa, se\u2019m queden curtes les paraules per proclamar tot el que ens has donat. Fes-nos veure de la teva just\u00edcia i santedat, fes-nos mostrar al m\u00f3n la meravella de la teva fidelitat.<\/p>\n<p><strong><span style=\"text-decoration: underline;\"><span style=\"color: #0000ff; text-decoration: underline;\">19 de gener<\/span><\/span><\/strong><\/p>\n<p>Habacuc 3, 1-2<br \/>\nEn mig d\u2019un m\u00f3n ferit, envoltats de viol\u00e8ncia i mort, empresonats per la cobd\u00edcia i l\u2019amor als diners, cridem a tu Senyor, perqu\u00e8 la teva just\u00edcia sigui una realitat, tu, que amb m\u00e0 forta i poderosa, has realitzat grans prodigis et demanem que transformis els nostres cors, per no acostumar-nos a la mort i la injust\u00edcia, perqu\u00e8 les fal\u00b7l\u00e0cies d\u2019aquest m\u00f3n no impregnin les nostres ments. Transforma, oh D\u00e9u, al teu poble, i fes que manifestem la teva voluntat per a la teva creaci\u00f3.<\/p>\n<p><strong><span style=\"text-decoration: underline;\"><span style=\"color: #0000ff; text-decoration: underline;\">20 de gener<\/span><\/span><\/strong><\/p>\n<p>Joan 6, 22-29<br \/>\nQuantes vegades Senyor nostre, acudi\u2019m a tu per all\u00f2 que ens dones, per all\u00f2 que ens omple, certament ens oblidem de tu quan no necessitem res, per\u00f2 en el moment de l\u2019angoixa et recordem. Senyor, fes-nos veritables seguidors de Jes\u00fas, que la nostra comuni\u00f3 amb tu no sigui per inter\u00e8s, sin\u00f3 per amor, que veritablement creguem en el teu Fill.<\/p>\n<p><strong><span style=\"text-decoration: underline;\"><span style=\"color: #0000ff; text-decoration: underline;\">21 de gener<\/span><\/span><\/strong><\/p>\n<p>Job 42, 2-6<br \/>\nMostra\u2019ns el teu rostre, D\u00e9u i Senyor, mostra\u2019ns la teva grandesa i el teu poder, ensenya\u2019ns a caminar per la teva senda, amb saviesa i seny, amb amor i miseric\u00f2rdia. Certament moltes vegades ens creiem massa savis en la nostra opini\u00f3, pensem que ho tenim tot controlat, per\u00f2 el cert \u00e9s que fins i tot la nostra vida \u00e9s a les teves mans. Guia\u2019ns Senyor, fes-nos veure\u2019t amb els nostres ulls.<\/p>\n<p><strong><span style=\"text-decoration: underline;\"><span style=\"color: #0000ff; text-decoration: underline;\">22 de gener<\/span><\/span><\/strong><\/p>\n<p>Joan 10, 25-30<br \/>\nQuin goig Senyor saber-nos estimats per tu, quina alegria est\u00e0 a les teves mans, delicades i precioses, que ens protegeixen davant els perills. Som les teves ovelles i volem seguir-te en tot el nostre cam\u00ed. En Jes\u00fas has mostrat quina \u00e9s la teva voluntat per la humanitat, ens has ensenyat el cam\u00ed de vida i de veritat, per aix\u00f2 et demanem seny per aprendre\u2019l a seguir-lo.<\/p>\n<p><strong><span style=\"text-decoration: underline;\"><span style=\"color: #0000ff; text-decoration: underline;\">23 de gener<\/span><\/span><\/strong><\/p>\n<p>1 Reis 19, 11-18<br \/>\nEt fas manifest en les nostres vides, ho fas de les formes m\u00e9s sorprenents, on menys esperem trobem la teva pres\u00e8ncia, que ens d\u00f3na al\u00e8 en els moments de cansament, en els moments de soledat i tristesa. No deixar\u00e0s al teu poble perdut, no permetr\u00e0s que els teus servents treballin sols, aixecar\u00e0s noves persones, omplir\u00e0s el teu poble de gent disposada a servir-te.<\/p>\n<p><strong><span style=\"text-decoration: underline;\"><span style=\"color: #0000ff; text-decoration: underline;\">24 de gener<\/span><\/span><\/strong><\/p>\n<p>Salm 50, 1-6<br \/>\nLa teva paraula, D\u00e9u nostre, \u00e9s creadora de noves realitats, la teva paraula \u00e9s al\u00e8 pel cansant i for\u00e7a per la tasca; que arribi a nosaltres, Senyor, que ens porti la teva just\u00edcia i el teu amor. Qu\u00e8 la teva paraula resplendeixi entre nosaltres i ens ofereixi la teva saviesa.<\/p>\n","protected":false},"excerpt":{"rendered":"<p>18 de gener Apocalipsi 15, 3-4 Vull al\u00e7ar a tu un nou c\u00e0ntic, vull trobar paraules per expressar el que sento al teu costat, se\u2019m queda tant petit el meu parlar per explicar la teva grandesa, se\u2019m queden curtes les paraules per proclamar tot el que ens has donat. Fes-nos veure de la teva just\u00edcia [&hellip;]<\/p>\n","protected":false},"author":1,"featured_media":1540,"comment_status":"open","ping_status":"open","sticky":false,"template":"","format":"standard","meta":{"_jetpack_memberships_contains_paid_content":false,"footnotes":""},"categories":[7],"tags":[],"class_list":["post-1537","post","type-post","status-publish","format-standard","has-post-thumbnail","hentry","category-meditacions-diaries"],"jetpack_sharing_enabled":true,"jetpack_featured_media_url":"https:\/\/eec.cat\/blog\/wp-content\/uploads\/2016\/01\/embarcadero.jpg","_links":{"self":[{"href":"https:\/\/eec.cat\/blog\/wp-json\/wp\/v2\/posts\/1537","targetHints":{"allow":["GET"]}}],"collection":[{"href":"https:\/\/eec.cat\/blog\/wp-json\/wp\/v2\/posts"}],"about":[{"href":"https:\/\/eec.cat\/blog\/wp-json\/wp\/v2\/types\/post"}],"author":[{"embeddable":true,"href":"https:\/\/eec.cat\/blog\/wp-json\/wp\/v2\/users\/1"}],"replies":[{"embeddable":true,"href":"https:\/\/eec.cat\/blog\/wp-json\/wp\/v2\/comments?post=1537"}],"version-history":[{"count":1,"href":"https:\/\/eec.cat\/blog\/wp-json\/wp\/v2\/posts\/1537\/revisions"}],"predecessor-version":[{"id":2704,"href":"https:\/\/eec.cat\/blog\/wp-json\/wp\/v2\/posts\/1537\/revisions\/2704"}],"wp:featuredmedia":[{"embeddable":true,"href":"https:\/\/eec.cat\/blog\/wp-json\/wp\/v2\/media\/1540"}],"wp:attachment":[{"href":"https:\/\/eec.cat\/blog\/wp-json\/wp\/v2\/media?parent=1537"}],"wp:term":[{"taxonomy":"category","embeddable":true,"href":"https:\/\/eec.cat\/blog\/wp-json\/wp\/v2\/categories?post=1537"},{"taxonomy":"post_tag","embeddable":true,"href":"https:\/\/eec.cat\/blog\/wp-json\/wp\/v2\/tags?post=1537"}],"curies":[{"name":"wp","href":"https:\/\/api.w.org\/{rel}","templated":true}]}}