{"id":1530,"date":"2016-01-10T21:29:43","date_gmt":"2016-01-10T21:29:43","guid":{"rendered":"http:\/\/eec.cat\/blog\/?p=1530"},"modified":"2026-04-05T19:02:53","modified_gmt":"2026-04-05T18:02:53","slug":"dia-a-dia-11-d-de-gener-2016","status":"publish","type":"post","link":"https:\/\/eec.cat\/blog\/dia-a-dia-11-d-de-gener-2016\/","title":{"rendered":"Dia a Dia. 11 de gener &#8211; 17 de gener"},"content":{"rendered":"<p><strong><span style=\"text-decoration: underline;\"><span style=\"color: #0000ff; text-decoration: underline;\"><a href=\"http:\/\/eec.cat\/blog\/wp-content\/uploads\/2016\/01\/playa.jpg\"><img loading=\"lazy\" decoding=\"async\" class=\"alignleft size-thumbnail wp-image-1531\" src=\"http:\/\/eec.cat\/blog\/wp-content\/uploads\/2016\/01\/playa-150x150.jpg\" alt=\"playa\" width=\"150\" height=\"150\" \/><\/a>11 de gener<\/span><\/span><\/strong><\/p>\n<p>Joan 17, 20-26<br \/>\nGr\u00e0cies al teu fill, D\u00e9u nostre, hem entrat dins el cercle de la comuni\u00f3 amorosa de la trinitat, gr\u00e0cies a ell t\u2019hem conegut, com abans no ho pod\u00edem fer, per aix\u00f2 et demanem que la teva paraula sigui inspiraci\u00f3 per les nostres vides, fortalesa davant les dificultats, consol en el dolor, per\u00f2 tamb\u00e9 lli\u00e7\u00f3 de vida que ens mostri com ens hem de comportar entre nosaltres i amb els que ens envolten.<\/p>\n<p><strong><span style=\"text-decoration: underline;\"><span style=\"color: #0000ff; text-decoration: underline;\">12 de gener<\/span><\/span><\/strong><\/p>\n<p>Deuteronomi 11, 1-7<br \/>\nQuan \u00e9rem infants ens vas rodeja de testimonis perqu\u00e8 conegu\u00e9ssim totes les teves obres, per\u00f2 a mida que hem anat creixent hem vist com la teva m\u00e0 est\u00e0 amb el teu poble, com la teva just\u00edcia \u00e9s vesada sobre nosaltres perqu\u00e8 aprenguem a practicar-la. Senyor, fes-nos testimonis de les teves proeses, de les teves gran obres, perqu\u00e8 puguem oferir la hist\u00f2ria de la teva salvaci\u00f3 als que ens envolten.<\/p>\n<p><strong><span style=\"text-decoration: underline;\"><span style=\"color: #0000ff; text-decoration: underline;\">13 de gener<\/span><\/span><\/strong><\/p>\n<p>Hebreus 1, 1-4<br \/>\nHem conegut la paraula definitiva de D\u00e9u, hem conegut al seu Fill, a aquell que per la seva obra salvadora ens ha mostrat el mateix \u00e9sser de D\u00e9u, el seu profund amor per nosaltres, la seva bondat infinita, la seva gran miseric\u00f2rdia. Gr\u00e0cies Pare pel teu Fill, gr\u00e0cies perqu\u00e8 en ells has manifestat tot el que som per tu.<\/p>\n<p><strong><span style=\"text-decoration: underline;\"><span style=\"color: #0000ff; text-decoration: underline;\">14 de gener<\/span><\/span><\/strong><\/p>\n<p>Jeremies 31, 31-34<br \/>\nM\u00e9s enll\u00e0 de les nostres errades, m\u00e9s enll\u00e0 de les nostres faltes i les nostres infidelitats D\u00e9u ha tornat a buscar-nos, ell sempre ve, ell sempre es fa present; vol omplir les nostres vides de la seva paraula, vol vesa sobre nosaltres el seu perd\u00f3. En Jes\u00fas hem trobat una nova alian\u00e7a, un nou pacte que mai m\u00e9s ser\u00e0 trencat.<\/p>\n<p><strong><span style=\"text-decoration: underline;\"><span style=\"color: #0000ff; text-decoration: underline;\">15 de gener<\/span><\/span><\/strong><\/p>\n<p>Marc 1, 14-15<br \/>\nSenyor, quantes vegades pensem que els nostres camins ja s\u00f3n prou bons, quantes vegades no ens adonem de que hem de tornar a girar i iniciar altre vegada un nou comen\u00e7ament. Fes que no deixem de mirar Jes\u00fas, fes que una vegada i un altre siguem capa\u00e7os de reflexionar sobre la nostra vida i redrecem altre cop les passes en l\u2019exemple que ens va don\u00e0. No permetis, Senyor, que ens oblidem de mirar al teu Fill.<\/p>\n<p><strong><span style=\"text-decoration: underline;\"><span style=\"color: #0000ff; text-decoration: underline;\">16 de gener<\/span><\/span><\/strong><\/p>\n<p>Josu\u00e8 1, 7-9<br \/>\nD\u00e9u meu, que la teva pres\u00e8ncia sigui coratge en la meva vida, que la teva fortalesa m\u2019acompanyi i em faci decidida en tot el que haig d\u2019emprendre. Quantes vegades no em veig capa\u00e7 de seguir endavant, quantes vegades el meu cor s\u2019acovardeix davant el treball i les dificultats; vull aferrar-me a tu, vull la teva companyia en cada instant per poder tirar endavant amb la valentia que m\u2019ofereix el teu Esperit.<\/p>\n<p><strong><span style=\"text-decoration: underline;\"><span style=\"color: #0000ff; text-decoration: underline;\">17 de gener<\/span><\/span><\/strong><\/p>\n<p>Salm 111<br \/>\nQuan miro al meu voltant, quan recordo el meu passat i el cam\u00ed del teu poble, quanta saviesa trobo, quan d\u2019amor puc sentir. \u00c9s ben cert que obres en just\u00edcia, que la teva fidelitat ens ha acompanyat sempre, no has oblidat la teva miseric\u00f2rdia, ni t\u2019has desdit de l\u2019amor que ens tens. Gr\u00e0cies Senyor per la teva companyia, gr\u00e0cies perqu\u00e8 en les teves mans trobem rep\u00f2s.<\/p>\n","protected":false},"excerpt":{"rendered":"<p>11 de gener Joan 17, 20-26 Gr\u00e0cies al teu fill, D\u00e9u nostre, hem entrat dins el cercle de la comuni\u00f3 amorosa de la trinitat, gr\u00e0cies a ell t\u2019hem conegut, com abans no ho pod\u00edem fer, per aix\u00f2 et demanem que la teva paraula sigui inspiraci\u00f3 per les nostres vides, fortalesa davant les dificultats, consol en [&hellip;]<\/p>\n","protected":false},"author":1,"featured_media":1531,"comment_status":"open","ping_status":"open","sticky":false,"template":"","format":"standard","meta":{"_jetpack_memberships_contains_paid_content":false,"footnotes":""},"categories":[7],"tags":[],"class_list":["post-1530","post","type-post","status-publish","format-standard","has-post-thumbnail","hentry","category-meditacions-diaries"],"jetpack_sharing_enabled":true,"jetpack_featured_media_url":"https:\/\/eec.cat\/blog\/wp-content\/uploads\/2016\/01\/playa.jpg","_links":{"self":[{"href":"https:\/\/eec.cat\/blog\/wp-json\/wp\/v2\/posts\/1530","targetHints":{"allow":["GET"]}}],"collection":[{"href":"https:\/\/eec.cat\/blog\/wp-json\/wp\/v2\/posts"}],"about":[{"href":"https:\/\/eec.cat\/blog\/wp-json\/wp\/v2\/types\/post"}],"author":[{"embeddable":true,"href":"https:\/\/eec.cat\/blog\/wp-json\/wp\/v2\/users\/1"}],"replies":[{"embeddable":true,"href":"https:\/\/eec.cat\/blog\/wp-json\/wp\/v2\/comments?post=1530"}],"version-history":[{"count":1,"href":"https:\/\/eec.cat\/blog\/wp-json\/wp\/v2\/posts\/1530\/revisions"}],"predecessor-version":[{"id":2706,"href":"https:\/\/eec.cat\/blog\/wp-json\/wp\/v2\/posts\/1530\/revisions\/2706"}],"wp:featuredmedia":[{"embeddable":true,"href":"https:\/\/eec.cat\/blog\/wp-json\/wp\/v2\/media\/1531"}],"wp:attachment":[{"href":"https:\/\/eec.cat\/blog\/wp-json\/wp\/v2\/media?parent=1530"}],"wp:term":[{"taxonomy":"category","embeddable":true,"href":"https:\/\/eec.cat\/blog\/wp-json\/wp\/v2\/categories?post=1530"},{"taxonomy":"post_tag","embeddable":true,"href":"https:\/\/eec.cat\/blog\/wp-json\/wp\/v2\/tags?post=1530"}],"curies":[{"name":"wp","href":"https:\/\/api.w.org\/{rel}","templated":true}]}}