{"id":1526,"date":"2016-01-06T22:51:09","date_gmt":"2016-01-06T22:51:09","guid":{"rendered":"http:\/\/eec.cat\/blog\/?p=1526"},"modified":"2016-01-06T22:51:09","modified_gmt":"2016-01-06T22:51:09","slug":"memoria-protestant-2016","status":"publish","type":"post","link":"https:\/\/eec.cat\/blog\/memoria-protestant-2016\/","title":{"rendered":"Mem\u00f2ria protestant 2016"},"content":{"rendered":"<p><strong>Font: El Punt Avui 3 de gener 2016<\/strong><\/p>\n<p>Enguany far\u00e0 450 anys que Jeroni Conques abandon\u00e0 el convent dels Socors de Val\u00e8ncia, on era recl\u00f2s per la Inquisici\u00f3, despr\u00e9s de dos anys d\u2019arrest per la seva vinculaci\u00f3 amb Gaspar de Centelles, cremat per protestant pel Sant Ofici. I 375 que Francisco de Quevedo, furibundament anticatal\u00e0, publicava en plena revolta dels Segadors \u201cLa revoluci\u00f3n de Barcelona ni es por el g\u00fcevo ni es por el fuero\u201d, titllant Catalunya d\u2019her\u00e8tica pels seus vincles amb Fran\u00e7a, mentre a Espanya es feia popular la frase \u201cEst\u00e9n Lutero y Calvino muy despacio en Barcelona\u201d. Se\u2019n compliran 225 de l\u2019aparici\u00f3 a Val\u00e8ncia de \u201cDe la lecci\u00f3n de la Sagrada Escritura en lenguas vulgares\u201d, del xativ\u00ed Joaquim Lloren\u00e7 Villanueva, que mor\u00ed a Dubl\u00edn proper a l\u2019anglicanisme, defensant la traducci\u00f3 de la B\u00edblia a les lleng\u00fces vulgars i on inclou alguns fragments ja existents de textos b\u00edblics en catal\u00e0, tradu\u00efts per Bonifaci Ferrer, el segle XV. Hauran passat dos segles del restabliment de la Inquisici\u00f3 a Menorca pel bisbe Jaume Creus i Mart\u00ed. Tamb\u00e9 es commemorar\u00e0 el 175\u00e8 aniversari de l\u2019obertura d\u2019un local per a la venda de llibres protestants a la Rambla barcelonina, per James N.Graydon, representant de la Societat B\u00edblica de Londres, de l\u2019edici\u00f3 per a A.Bergnes de las Casas d\u2019\u201cObservaciones sobre la esclavitud y comercio de esclavos\u201d, del qu\u00e0quer brit\u00e0nic G.W.Alexander i de la conversi\u00f3 al protestantisme de l\u2019ex-caputx\u00ed olot\u00ed Ramon Montsalvatge.<\/p>\n<p><a href=\"http:\/\/eec.cat\/blog\/wp-content\/uploads\/2016\/01\/cants-gloria.jpg\"><img loading=\"lazy\" decoding=\"async\" class=\"alignleft size-medium wp-image-1527\" src=\"http:\/\/eec.cat\/blog\/wp-content\/uploads\/2016\/01\/cants-gloria-169x300.jpg\" alt=\"cants gloria\" width=\"169\" height=\"300\" srcset=\"https:\/\/eec.cat\/blog\/wp-content\/uploads\/2016\/01\/cants-gloria-169x300.jpg 169w, https:\/\/eec.cat\/blog\/wp-content\/uploads\/2016\/01\/cants-gloria.jpg 338w\" sizes=\"auto, (max-width: 169px) 100vw, 169px\" \/><\/a>N\u2019hauran passat 125 des que el nord-americ\u00e0 Francis E.Clark cre\u00e0 l\u2019Esfor\u00e7 Cristi\u00e0, entitat juvenil protestant que aqu\u00ed arrib\u00e0 el 1898 a Val\u00e8ncia, dos anys despr\u00e9s a Barcelona, el 1904 a Menorca i el 1905 a Mallorca. En far\u00e0 cent de la inauguraci\u00f3 del temple baptista de la Carretera de Barcelona a Sabadell i de la creaci\u00f3 de la Societat Coral Ev\u00e0ngelica, a Val\u00e8ncia, dirigida per Feliciana Armengol, ciutat on aparegu\u00e9 el peri\u00f2dic mensual El Lazo Fraternal, promogut per J.Uhr, mentre que una dona, per primer cop al pa\u00eds, es feia c\u00e0rrec com a evangelista de la congregaci\u00f3 de Sant Lloren\u00e7 de la Salanca (Rossell\u00f3): era la v\u00eddua del colportor Josep Landes, mort a la guerra europea. El mateix any morien tamb\u00e9 dos antics sacerdots cat\u00f2lics: el benisser J.B. Cabrera, bisbe de l\u2019esgl\u00e9sia reformada episcopal, ma\u00e7\u00f3 del grau 33 i un dels referents b\u00e0sics del protestantisme, aix\u00ed com el vigat\u00e0 Pere Sala i Vilaret, amic de Jacint Verdaguer i Jaume Collell, fundador de La bandera de la Reforma i director del diari El Diluvio (1900-1916). En far\u00e0 75 de la mort de Luis L\u00f3pez Rodr\u00edguez, tamb\u00e9 ma\u00e7\u00f3 i director de les escoles protestants de Figueres, Llan\u00e7\u00e0 i Vilabertran, la\u00a0fam\u00edlia del qual edit\u00e0 el peri\u00f2dic protestant El Heraldo, a Figueres, de 1886 fins a 1936, 595 n\u00fameros durant 50 anys.<\/p>\n<p>El 16 de febrer d\u2019enguany far\u00e0 mig segle de la constituci\u00f3 de la Fundaci\u00f3 B\u00edblica Evang\u00e8lica de Catalunya per a fer arribar els textos b\u00edblics a la societat catalana en la seva llengua El primer consell executiu, elegit en una reuni\u00f3 a l\u2019esgl\u00e9sia del carrer Tallers era format per Benjam\u00ed Planes com a president, Pere Bonet com a secretari, \u00c0ngel Cort\u00e8s, relacions p\u00fabliques, amb Francesc Pol, Pere Puig i Salvador Salvad\u00f3 com a vocals. Tamb\u00e9 en fou impulsor el mestre i pastor Joan Vall\u00e8s i s\u2019hi afegiren Enric Cap\u00f3, Ricard Giralt-Miracle, Josep Grau i Joan Gonz\u00e0lez Pastor. El mateix any Joan Gili cre\u00e0 Evangelisme en Acci\u00f3 i a Balaguer s\u2019inici\u00e0 l\u2019obra evang\u00e8lica entre la comunitat gitana, al Principat, mitjan\u00e7ant les Esgl\u00e9sies de Filad\u00e8lfia. Ser\u00e0 un any molt important en l\u2019\u00e0mbit cultural ja que les Edicions Evang\u00e8liques Europees inicien la publicaci\u00f3 de la col\u00b7lecci\u00f3 de llibres Pres\u00e8ncia Evang\u00e8lica en catal\u00e0 amb l\u2019edici\u00f3 de l\u2019obra \u201cEl refugi\u201d, de Joan Gonz\u00e0lez i Pastor; s\u2019obre la Llibreria Baptista al carrer Arimon, 32 de la Bonanova, amb el pastor Samuel Rodrigo com a gerent; Edicions Portaveu editen \u201cL\u2019evangeli segons sant Pere\u201d, de Josep Grau; apareix la segona edici\u00f3 de \u201cCants de gl\u00f2ria\u201d, amb 31 himnes per al culte en catal\u00e0 i el cor de l\u2019esgl\u00e9sia baptista de Sabadell es transforma en Coral Al\u00b7leluia, que adquirir\u00e0 un gran prestigi sota la direcci\u00f3 de Pere Puig i Ballonga, fill del fundador, Pere Puig i Inglada,<\/p>\n<p>I en far\u00e0 25 de l\u2019obertura a Barcelona de la llibreria protestant Cel Obert i del trasllat a Torrent (l\u2019Horta) del dip\u00f2sit barcelon\u00ed de llibres baptistes, amb Arthur Shupp i Elisabet G\u00f3mez com a responsables. El 29 d\u2019octubre de 1991 comencen les emissions del programa \u201cN\u00e9ixer de nou\u201d, a la televisi\u00f3 p\u00fablica catalana i, 455 anys despr\u00e9s d\u2019haver estat publicat, apareix en catal\u00e0 \u201cInstituci\u00f3 de la Religi\u00f3 Cristiana\u201d, obra cabdal de Joan Calv\u00ed amb traducci\u00f3 de Joan Vinyes i estudi introductori de Carles Cap\u00f3, tot un s\u00edmptoma del retard i els problemes d\u2019arrelament de la Reforma als Pa\u00efsos Catalans.<\/p>\n<p><strong>Josep-Llu\u00eds Carod-Rovira<\/strong><\/p>\n","protected":false},"excerpt":{"rendered":"<p>Font: El Punt Avui 3 de gener 2016 Enguany far\u00e0 450 anys que Jeroni Conques abandon\u00e0 el convent dels Socors de Val\u00e8ncia, on era recl\u00f2s per la Inquisici\u00f3, despr\u00e9s de dos anys d\u2019arrest per la seva vinculaci\u00f3 amb Gaspar de Centelles, cremat per protestant pel Sant Ofici. I 375 que Francisco de Quevedo, furibundament anticatal\u00e0, [&hellip;]<\/p>\n","protected":false},"author":1,"featured_media":0,"comment_status":"open","ping_status":"open","sticky":false,"template":"","format":"standard","meta":{"_jetpack_memberships_contains_paid_content":false,"footnotes":""},"categories":[6],"tags":[],"class_list":["post-1526","post","type-post","status-publish","format-standard","hentry","category-reflexions"],"jetpack_sharing_enabled":true,"jetpack_featured_media_url":"","_links":{"self":[{"href":"https:\/\/eec.cat\/blog\/wp-json\/wp\/v2\/posts\/1526","targetHints":{"allow":["GET"]}}],"collection":[{"href":"https:\/\/eec.cat\/blog\/wp-json\/wp\/v2\/posts"}],"about":[{"href":"https:\/\/eec.cat\/blog\/wp-json\/wp\/v2\/types\/post"}],"author":[{"embeddable":true,"href":"https:\/\/eec.cat\/blog\/wp-json\/wp\/v2\/users\/1"}],"replies":[{"embeddable":true,"href":"https:\/\/eec.cat\/blog\/wp-json\/wp\/v2\/comments?post=1526"}],"version-history":[{"count":0,"href":"https:\/\/eec.cat\/blog\/wp-json\/wp\/v2\/posts\/1526\/revisions"}],"wp:attachment":[{"href":"https:\/\/eec.cat\/blog\/wp-json\/wp\/v2\/media?parent=1526"}],"wp:term":[{"taxonomy":"category","embeddable":true,"href":"https:\/\/eec.cat\/blog\/wp-json\/wp\/v2\/categories?post=1526"},{"taxonomy":"post_tag","embeddable":true,"href":"https:\/\/eec.cat\/blog\/wp-json\/wp\/v2\/tags?post=1526"}],"curies":[{"name":"wp","href":"https:\/\/api.w.org\/{rel}","templated":true}]}}