{"id":1523,"date":"2016-01-03T21:56:14","date_gmt":"2016-01-03T21:56:14","guid":{"rendered":"http:\/\/eec.cat\/blog\/?p=1523"},"modified":"2026-04-05T19:06:55","modified_gmt":"2026-04-05T18:06:55","slug":"dia-a-dia-4-de-de-gener-2016","status":"publish","type":"post","link":"https:\/\/eec.cat\/blog\/dia-a-dia-4-de-de-gener-2016\/","title":{"rendered":"Dia a Dia. 4 de gener &#8211; 10 de gener"},"content":{"rendered":"<p><strong><span style=\"text-decoration: underline;\"><span style=\"color: #0000ff; text-decoration: underline;\"><a href=\"http:\/\/eec.cat\/blog\/wp-content\/uploads\/2016\/01\/tossa.jpg\"><img loading=\"lazy\" decoding=\"async\" class=\"alignleft size-thumbnail wp-image-1524\" src=\"http:\/\/eec.cat\/blog\/wp-content\/uploads\/2016\/01\/tossa-150x150.jpg\" alt=\"tossa\" width=\"150\" height=\"150\" \/><\/a>4 de gener<\/span><\/span><\/strong><\/p>\n<p>\u00c8xode 13, 17-22<br \/>\nEn tot moment has acompanyat al teu poble, en tot moment has volgut alliberar-lo de l\u2019opressi\u00f3 dels imperis; t\u2019has manifestat en mig d\u2019ells, perqu\u00e8 la teva pres\u00e8ncia fos al\u00e8 pel cam\u00ed, fos coratge davant les dificultats. Senyor, et demanem que veritablement estiguis amb nosaltres, il\u00b7luminant les nostres passes, portant-nos per camins segurs.<\/p>\n<p><strong><span style=\"text-decoration: underline;\"><span style=\"color: #0000ff; text-decoration: underline;\">5 de gener<\/span><\/span><\/strong><\/p>\n<p>2 Timoteu 1, 3-10<br \/>\nEn Jesucrist ha estat manifestada la gr\u00e0cia de D\u00e9u vers la seva creaci\u00f3, les nostres vides s\u2019han transformat en ell, i per ell hem conegut al Pare i ens hi podem acostar amb sinceritat i amor; en trobem el descans de les nostres vides, en ell trobem la for\u00e7a per continuar endavant. Senyor, fes que el do del consol el puguem tamb\u00e9 compartir amb els altres, que siguem escut i companyia pels qui els toca patir.<\/p>\n<p><strong><span style=\"text-decoration: underline;\"><span style=\"color: #0000ff; text-decoration: underline;\">6 de gener<\/span><\/span><\/strong><\/p>\n<p>Mateu 2, 1-12<br \/>\nQuina \u00e9s la saviesa que ens dur\u00e0 a trobar-nos amb l\u2019infant? Quin \u00e9s el seny que acompanyar\u00e0 els nostres camins vers el Fill de D\u00e9u? Senyor nostre, quantes vegades hem perseguit trobar-te per\u00f2 tot el que ens envolta ens ha allunyat de tu, mostra\u2019ns la teva estrella, el cam\u00ed que porta a la teva pres\u00e8ncia, il\u00b7lumina el nostre cam\u00ed amb el fulgor de la teva mirada.<\/p>\n<p><strong><span style=\"text-decoration: underline;\"><span style=\"color: #0000ff; text-decoration: underline;\">7 de gener<\/span><\/span><\/strong><\/p>\n<p>Isa\u00efes 60, 1-6<br \/>\nSenyor i D\u00e9u, en les teves promeses volem caminar, amb la for\u00e7a de l\u2019esperan\u00e7a que sabem que un dia es complir\u00e0; volem que brillis en mig nostre, que resplendeixi la teva llum entre nosaltres, perqu\u00e8 els que ens envolten puguin con\u00e8ixer el teu gran amor i la teva miseric\u00f2rdia. Estigues amb nosaltres, Senyor, sigues llumenera al nostres camins.<\/p>\n<p><strong><span style=\"text-decoration: underline;\"><span style=\"color: #0000ff; text-decoration: underline;\">8 de gener<\/span><\/span><\/strong><\/p>\n<p>1 Joan 1, 1-4<br \/>\nOmple\u2019ns de joia Senyor, omple\u2019ns del teu testimoni en mig de la humanitat, que la teva paraula sigui en nosaltres realitat salvadora, que ens acompanyi i ens faci cr\u00e9ixer en el teu coneixement. Qu\u00e8 gran ha sigut el teu amor, en Jes\u00fas el teu fill ens el vas demostrar. Vine a nosaltres i habita en mig nostre, d\u00f3na\u2019ns comuni\u00f3 amb tu i entre nosaltres.<\/p>\n<p><strong><span style=\"text-decoration: underline;\"><span style=\"color: #0000ff; text-decoration: underline;\">9 de gener<\/span><\/span><\/strong><\/p>\n<p>Isa\u00efes 56, 1-5<br \/>\nMentre els homes tancaven les portes, tu obries el cel; mentre les dones posaven les reixes, tu preparaves un cam\u00ed. En mig d\u2019un m\u00f3n que exclou tu has ofert la teva llar per a tot i tota la que es vulgui acostar. Has volgut manifestar-te en mig del teu poble perqu\u00e8 aquest sigui acollidor, que no oblidem que tu vols abra\u00e7ar tota la humanitat. Ensenya\u2019ns Senyor que tu no fas distinci\u00f3 de persones.<\/p>\n<p><strong><span style=\"text-decoration: underline;\"><span style=\"color: #0000ff; text-decoration: underline;\">10 de gener<\/span><\/span><\/strong><\/p>\n<p>Salm 119, 25-32<br \/>\nEn el cam\u00ed de la nostra vida masses vegades perdem el rumb, masses vegades ens desviem de la teva voluntat i escollim les opcions equivocades. D\u00f3na\u2019ns seny Senyor, omple els nostres cors de saviesa per a saber qu\u00e8 vols de nosaltres. No oblidis al teu poble, instrueix-nos i obre els nostres cors a la teva paraula.<\/p>\n","protected":false},"excerpt":{"rendered":"<p>4 de gener \u00c8xode 13, 17-22 En tot moment has acompanyat al teu poble, en tot moment has volgut alliberar-lo de l\u2019opressi\u00f3 dels imperis; t\u2019has manifestat en mig d\u2019ells, perqu\u00e8 la teva pres\u00e8ncia fos al\u00e8 pel cam\u00ed, fos coratge davant les dificultats. Senyor, et demanem que veritablement estiguis amb nosaltres, il\u00b7luminant les nostres passes, portant-nos [&hellip;]<\/p>\n","protected":false},"author":1,"featured_media":1524,"comment_status":"open","ping_status":"open","sticky":false,"template":"","format":"standard","meta":{"_jetpack_memberships_contains_paid_content":false,"footnotes":""},"categories":[7],"tags":[],"class_list":["post-1523","post","type-post","status-publish","format-standard","has-post-thumbnail","hentry","category-meditacions-diaries"],"jetpack_sharing_enabled":true,"jetpack_featured_media_url":"https:\/\/eec.cat\/blog\/wp-content\/uploads\/2016\/01\/tossa.jpg","_links":{"self":[{"href":"https:\/\/eec.cat\/blog\/wp-json\/wp\/v2\/posts\/1523","targetHints":{"allow":["GET"]}}],"collection":[{"href":"https:\/\/eec.cat\/blog\/wp-json\/wp\/v2\/posts"}],"about":[{"href":"https:\/\/eec.cat\/blog\/wp-json\/wp\/v2\/types\/post"}],"author":[{"embeddable":true,"href":"https:\/\/eec.cat\/blog\/wp-json\/wp\/v2\/users\/1"}],"replies":[{"embeddable":true,"href":"https:\/\/eec.cat\/blog\/wp-json\/wp\/v2\/comments?post=1523"}],"version-history":[{"count":2,"href":"https:\/\/eec.cat\/blog\/wp-json\/wp\/v2\/posts\/1523\/revisions"}],"predecessor-version":[{"id":2709,"href":"https:\/\/eec.cat\/blog\/wp-json\/wp\/v2\/posts\/1523\/revisions\/2709"}],"wp:featuredmedia":[{"embeddable":true,"href":"https:\/\/eec.cat\/blog\/wp-json\/wp\/v2\/media\/1524"}],"wp:attachment":[{"href":"https:\/\/eec.cat\/blog\/wp-json\/wp\/v2\/media?parent=1523"}],"wp:term":[{"taxonomy":"category","embeddable":true,"href":"https:\/\/eec.cat\/blog\/wp-json\/wp\/v2\/categories?post=1523"},{"taxonomy":"post_tag","embeddable":true,"href":"https:\/\/eec.cat\/blog\/wp-json\/wp\/v2\/tags?post=1523"}],"curies":[{"name":"wp","href":"https:\/\/api.w.org\/{rel}","templated":true}]}}