{"id":1507,"date":"2015-12-27T22:16:38","date_gmt":"2015-12-27T22:16:38","guid":{"rendered":"http:\/\/eec.cat\/blog\/?p=1507"},"modified":"2015-12-27T22:16:38","modified_gmt":"2015-12-27T22:16:38","slug":"1507-2","status":"publish","type":"post","link":"https:\/\/eec.cat\/blog\/1507-2\/","title":{"rendered":"Ens Han Robat El Nadal"},"content":{"rendered":"<p><a href=\"http:\/\/eec.cat\/blog\/wp-content\/uploads\/2015\/12\/bcn.jpg\"><img loading=\"lazy\" decoding=\"async\" class=\"aligncenter size-full wp-image-1508\" src=\"http:\/\/eec.cat\/blog\/wp-content\/uploads\/2015\/12\/bcn.jpg\" alt=\"bcn\" width=\"620\" height=\"285\" srcset=\"https:\/\/eec.cat\/blog\/wp-content\/uploads\/2015\/12\/bcn.jpg 620w, https:\/\/eec.cat\/blog\/wp-content\/uploads\/2015\/12\/bcn-300x138.jpg 300w\" sizes=\"auto, (max-width: 620px) 100vw, 620px\" \/><\/a><\/p>\n<p>Pels infants el Nadal \u00e9s una \u00e8poca de l\u2019any m\u00e0gica, il\u00b7lusionant i meravellosa. Els carrers s\u2019il\u00b7luminen, a cada cantonada hi ha un patge on fer-se una foto i poder entregar la carta amb la llista interminable de regals. \u00c9s un temps d\u2019il\u00b7lusions en el que tothom est\u00e0 per ells, en el que aprenen can\u00e7ons de nadal, en el que fan actuacions a l\u2019escola amb els nervis a flor de pell. \u00c9s una imatge tendra i dol\u00e7a esguerrada per la realitat d\u2019uns nens que moren per manca d\u2019aliments o d\u2019aigua potable o d\u2019un sostre on abrigar-se o d\u2019una assist\u00e8ncia sanit\u00e0ria o perqu\u00e8 naufraguen enmig del Mediterrani a la recerca d\u2019un m\u00f3n millor per viure.<\/p>\n<p>Per\u00f2 aquesta viv\u00e8ncia id\u00edl\u00b7lica a mesura que passen els anys es va marcint. Primer descobreixen la realitat de qui fa realment els regals. \u00c9s una decepci\u00f3 que comporta conseq\u00fc\u00e8ncies. La llista de regals s\u2019escur\u00e7a perqu\u00e8 cal ser responsable i els recursos no s\u00f3n il\u00b7limitats. A mesura que van creixent la il\u00b7lusi\u00f3 del nadal decreix. L\u2019excitaci\u00f3 per desembolicar els regals \u00e9s substitu\u00efda per una moderada expectativa. Finalment s\u2019adonen de la tr\u00e0gica realitat: L\u2019esperit del nadal \u00e9s una farsa. Els llums que decoren els carrers, els patges de la cantonada, les nadales ensordidores que martellegen els timpans sense clem\u00e8ncia s\u00f3n un reclam per recordar que has de fer (perd\u00f3 comprar) regals. Ens fan aflorar el sentimentalisme m\u00e9s cursi per aconseguir creure que fent regals serem m\u00e9s feli\u00e7os. Ens fan creure que participar en les campanyes de solidaritat nadalenques ens far\u00e0 sentir m\u00e9s b\u00e9 i m\u00e9s bons. Jo em nego a parlar de la festa del nadal. Prefereixo parlar de la campanya de nadal. \u00c9s la festa del consumisme m\u00e9s gran del m\u00f3n occidental.<\/p>\n<p><a href=\"http:\/\/eec.cat\/blog\/wp-content\/uploads\/2015\/12\/CAM01063.jpg\"><img loading=\"lazy\" decoding=\"async\" class=\"alignleft size-medium wp-image-1509\" src=\"http:\/\/eec.cat\/blog\/wp-content\/uploads\/2015\/12\/CAM01063-169x300.jpg\" alt=\"CAM01063\" width=\"169\" height=\"300\" srcset=\"https:\/\/eec.cat\/blog\/wp-content\/uploads\/2015\/12\/CAM01063-169x300.jpg 169w, https:\/\/eec.cat\/blog\/wp-content\/uploads\/2015\/12\/CAM01063-576x1024.jpg 576w, https:\/\/eec.cat\/blog\/wp-content\/uploads\/2015\/12\/CAM01063.jpg 1836w\" sizes=\"auto, (max-width: 169px) 100vw, 169px\" \/><\/a>Nadal es considera un per\u00edode de treva dins de l\u2019any. Cal que en aquest per\u00edode ens mostrem alegres, cal fer veure a tothom que feli\u00e7os i que bons que som. \u00c9s un per\u00edode on es fan els \u00e0pats de nadal de les empreses i on seuen colze per colze persones que es fan la guitza cont\u00ednuament. \u00c9s el per\u00edode de les grans campanyes de solidaritat que disfressen el nadal d\u2019un vern\u00eds de bonisme. \u00c9s un per\u00edode on cal deixar de banda les nostres difer\u00e8ncies i enemistats per no fer malb\u00e9 la bonica estampa del nadal. \u00c9s un er\u00edode en el qual els amics fan soparets on sempre hi ha alg\u00fa que proposa la tortura de fer un regalet d\u2019amic invisible perqu\u00e8 \u00e9s nadal i cal regalar-se alguna cosa. \u00c9s que per celebrar el nadal cal intercanviar-se regals?<br \/>\nPer\u00f2 el nadal no canvia res, tant sols aparca per un moment les nostres enemistats. Despr\u00e9s del nadal tornaran a fer-se patents les baralles, les enveges i l\u2019afany de lucre que durant el nadal han quedat latents. Jo m\u2019apuntaria a una nova campanya que digu\u00e9s: Nadal: res a celebrar.<\/p>\n<p>Aquest \u00e9s el nadal que volem? El nadal que representa la festa dels regals, del menjar a dojo, dels concerts, de les nadales, de l\u2019esperit ensucrat i d\u2019una solidaritat m\u00e9s est\u00e8tica que real? No podem celebrar aquest nadal mentre els drets fonamentals s\u00f3n trepitjats. No podem celebrar el nadal mentre hi hagi gent que no t\u00e9 dret a l&#8217;alimentaci\u00f3, a l\u2019aigua potable, a l\u2019habitatge, a una assist\u00e8ncia sanit\u00e0ria m\u00ednima i a una manera de guanyar-se la vida digna. El nadal no \u00e9s un per\u00edode de celebraci\u00f3, el nadal ha de ser un inici, l\u2019inici de la revoluci\u00f3. Ja n&#8217;hi ha prou que ens diguin que el neoliberalisme \u00e9s el cam\u00ed de la prosperitat mundial, ja n&#8217;hi ha prou que ens diguin que no hi ha prou recursos per atendre les necessitats dels m\u00e9s desvalguts mentre els rics s\u00f3n cada vegada m\u00e9s rics, ja n&#8217;hi ha prou de governs sotmesos als interessos de lobbys econ\u00f2mics que els coaccionen. Ja n&#8217;hi ha prou de governs pol\u00edticament correctes que enarboren la bandera del pacifisme mentre de sota m\u00e0 trafiquen amb armes. Ja n&#8217;hi ha prou de l\u00edders religiosos que inflamen d\u2019odi als seus fidels. Cal canviar!<\/p>\n<p>Per\u00f2 no crec en l\u2019\u00e9sser hum\u00e0, no crec que l\u2019home sigui capa\u00e7 de construir una societat justa. L\u2019egoisme, l\u2019enveja i l\u2019afany de poder innats en l\u2019\u00e9sser hum\u00e0 fan impossible aquesta revoluci\u00f3. Si protestem molt, potser els poderosos s\u2019espantaran una mica i seran condescendents amb la resta de la humanitat i faran petites concessions perqu\u00e8 res no canvi\u00ef. S\u00f3n grotesques les difer\u00e8ncies econ\u00f2miques que hi ha avui en dia entre la classe alta i la resta de la poblaci\u00f3. \u00c9s indignant el fet que els rics paguin proporcionalment menys impostos que els treballadors. Per\u00f2 pensem amb nosaltres mateixos. A qui de vosaltres li agrada que el cusin a impostos? Potser no som tan diferents de les classes altes.<\/p>\n<p>No crec en les revolucions. Per regla general les revolucions serveixen per treure del poder un d\u00e8spota per posar-ne un altre que mantindr\u00e0 el mateix jou i les mateixes injust\u00edcies. Jo crec en la for\u00e7a de l\u2019amor que transforma les persones. Si l\u2019odi pot moure les persones a cometre actes ignominiosos per qu\u00e8 no podem creure que l\u2019amor pot moure les persones a voler un m\u00f3n m\u00e9s just? Aquesta \u00e9s la revoluci\u00f3 en la qual jo crec. Per\u00f2 no ho farem si no creiem que aix\u00f2 \u00e9s possible. En un m\u00f3n que es conforma amb actes de solidaritat poc podrem progressar per aquest cam\u00ed. Cal mirar amunt i pensar si participaria Jes\u00fas d\u2019aquesta farsa? Em ve a la mem\u00f2ria l\u2019escena en la qual Jes\u00fas bolca les taules dels canvistes i les parades dels venedors de coloms tot dient: \u201cEl meu temple ser\u00e0 anomenat &#8220;casa d&#8217;oraci\u00f3&#8221; , per\u00f2 vosaltres en feu una cova de lladres.\u201d<\/p>\n<p>Potser tamb\u00e9 els lladres s\u2019han apoderat del nostre nadal. Potser ja no en queda res del que representa el nadal. Potser els cristians haur\u00edem de fer el mateix que va fer Jes\u00fas. Potser caldria iniciar la nostra revoluci\u00f3 celebrant el nadal tancant les portes de tots els temples.<\/p>\n<p><strong>Rub\u00e9n Pall\u00e0s<\/strong><\/p>\n","protected":false},"excerpt":{"rendered":"<p>Pels infants el Nadal \u00e9s una \u00e8poca de l\u2019any m\u00e0gica, il\u00b7lusionant i meravellosa. Els carrers s\u2019il\u00b7luminen, a cada cantonada hi ha un patge on fer-se una foto i poder entregar la carta amb la llista interminable de regals. \u00c9s un temps d\u2019il\u00b7lusions en el que tothom est\u00e0 per ells, en el que aprenen can\u00e7ons de [&hellip;]<\/p>\n","protected":false},"author":1,"featured_media":0,"comment_status":"open","ping_status":"open","sticky":false,"template":"","format":"standard","meta":{"_jetpack_memberships_contains_paid_content":false,"footnotes":""},"categories":[6],"tags":[],"class_list":["post-1507","post","type-post","status-publish","format-standard","hentry","category-reflexions"],"jetpack_sharing_enabled":true,"jetpack_featured_media_url":"","_links":{"self":[{"href":"https:\/\/eec.cat\/blog\/wp-json\/wp\/v2\/posts\/1507","targetHints":{"allow":["GET"]}}],"collection":[{"href":"https:\/\/eec.cat\/blog\/wp-json\/wp\/v2\/posts"}],"about":[{"href":"https:\/\/eec.cat\/blog\/wp-json\/wp\/v2\/types\/post"}],"author":[{"embeddable":true,"href":"https:\/\/eec.cat\/blog\/wp-json\/wp\/v2\/users\/1"}],"replies":[{"embeddable":true,"href":"https:\/\/eec.cat\/blog\/wp-json\/wp\/v2\/comments?post=1507"}],"version-history":[{"count":0,"href":"https:\/\/eec.cat\/blog\/wp-json\/wp\/v2\/posts\/1507\/revisions"}],"wp:attachment":[{"href":"https:\/\/eec.cat\/blog\/wp-json\/wp\/v2\/media?parent=1507"}],"wp:term":[{"taxonomy":"category","embeddable":true,"href":"https:\/\/eec.cat\/blog\/wp-json\/wp\/v2\/categories?post=1507"},{"taxonomy":"post_tag","embeddable":true,"href":"https:\/\/eec.cat\/blog\/wp-json\/wp\/v2\/tags?post=1507"}],"curies":[{"name":"wp","href":"https:\/\/api.w.org\/{rel}","templated":true}]}}