{"id":1464,"date":"2015-11-29T22:44:13","date_gmt":"2015-11-29T22:44:13","guid":{"rendered":"http:\/\/eec.cat\/blog\/?p=1464"},"modified":"2015-12-02T22:10:35","modified_gmt":"2015-12-02T22:10:35","slug":"dia-a-dia-dill-novembre-2015","status":"publish","type":"post","link":"https:\/\/eec.cat\/blog\/dia-a-dia-dill-novembre-2015\/","title":{"rendered":"Dia a Dia. 30 de novembre &#8211; 6 de desembre 2015"},"content":{"rendered":"<p><strong><span style=\"text-decoration: underline;\"><span style=\"color: #0000ff; text-decoration: underline;\"><a href=\"http:\/\/eec.cat\/blog\/wp-content\/uploads\/2015\/11\/eec_arbol.jpg\"><img loading=\"lazy\" decoding=\"async\" class=\"alignleft size-thumbnail wp-image-1468\" src=\"http:\/\/eec.cat\/blog\/wp-content\/uploads\/2015\/11\/eec_arbol-150x150.jpg\" alt=\"eec_arbol\" width=\"150\" height=\"150\" \/><\/a>Dilluns, 30 de novembre<\/span><\/span><\/strong><\/p>\n<p>Jeremies 29, 4-14<br \/>\nLa teva salvaci\u00f3 sempre arriba! El teu cor no oblidar\u00e0 mai el teu poble! Senyor, vull recordar el teu amor i la teva fidelitat, la teva miseric\u00f2rdia i la teva bondat, s\u00e9 Senyor, ho s\u00e9, tu vindr\u00e0s a salvar-nos. Fes-me viure en els teus camins all\u00e0 on la vida em porti, fes-me recordar sempre que tu ets a mi, fins hi tot si he hagut de marxar.<\/p>\n<p><strong><span style=\"text-decoration: underline;\"><span style=\"color: #0000ff; text-decoration: underline;\">Dimarts, 1 de desembre<\/span><\/span><\/strong><\/p>\n<p>2 Pere 3, 12-13<br \/>\n\u00c9s temps d\u2019esperar, \u00e9s temps de desitjar la teva just\u00edcia; ens envolta la mort i la corrupci\u00f3, ens amena\u00e7a la foscor d\u2019un m\u00f3n que ha oblidat estimar; \u00e9s temps d\u2019esperar-te D\u00e9u nostre, per\u00f2 no ho volem fer quiets, volem caminar cap a la teva promesa, volem volar cap a l\u2019esperan\u00e7a que ja arriba.<\/p>\n<p><strong><span style=\"text-decoration: underline;\"><span style=\"color: #0000ff; text-decoration: underline;\">Dimecres, 2 de desembre<\/span><\/span><\/strong><\/p>\n<p>Isa\u00efes 42, 1-9<br \/>\nVesa sobre mi el teu Esperit, tu que m\u2019has escollit i abra\u00e7at, tu que m\u2019has mostrat la salvaci\u00f3 veritable, fes que brilli en la meva vida la teva just\u00edcia, que l\u2019esperan\u00e7a m\u2019encamini i em gui\u00ef, d\u00f3na\u2019m forces per fer treballar i transformar la realitat que m\u2019envolta.<\/p>\n<p><strong><span style=\"text-decoration: underline;\"><span style=\"color: #0000ff; text-decoration: underline;\">Dijous, 3 de desembre<\/span><\/span><\/strong><\/p>\n<p>G\u00e0lates 5, 1-6<br \/>\nPer la fe en el teu fill he rebut la benedicci\u00f3 de la salvaci\u00f3, que no vulgui tornar als camins de l\u2019esclavatge, que oblidi la llei, que no busqui comprar el que m\u2019has regalat. Has omplert per gr\u00e0cia la meva vida de la teva just\u00edcia, que no la confongui amb legalitat; m\u2019has mostrat l\u2019esperan\u00e7a veritable, que no la busqui per m\u00e8rits. En la llibertat que m\u2019has donat vull caminar en les teves promeses.<\/p>\n<p><strong><span style=\"text-decoration: underline;\"><span style=\"color: #0000ff; text-decoration: underline;\">Divendres, 4 de desembre<\/span><\/span><\/strong><\/p>\n<p>Jeremies 50, 17-20<br \/>\nEl teu poble viu en mig de la persecuci\u00f3 i la mort, la teva creaci\u00f3 est\u00e0 amena\u00e7ada per l\u2019enveja i la venjan\u00e7a, esperem amb delit la teva salvaci\u00f3, l\u2019esperan\u00e7a d\u2019un nou m\u00f3n ens impulsa en mig del temor. D\u00e9u nostre, que el perd\u00f3 i la miseric\u00f2rdia ens ajudin a transformar la teva creaci\u00f3 i omplin el nostre cor de forces per viure la teva esperan\u00e7a.<\/p>\n<p><strong><span style=\"text-decoration: underline;\"><span style=\"color: #0000ff; text-decoration: underline;\">Dissabte, 5 de desembre<\/span><\/span><\/strong><\/p>\n<p>Mateu 6, 25-34<br \/>\nCorrem el perill, Senyor, d\u2019esperar el que no \u00e9s vida, correm el perill de buscar el que no \u00e9s perdurable, on hem posat els ulls? Quina \u00e9s la nostra esperan\u00e7a? Omple\u2019ns D\u00e9u de la confian\u00e7a que descansa en tu, vesa la teva just\u00edcia per transformar les nostres vides, amara el nostre cor de la teva esperan\u00e7a. Fes-nos viure el teu Regne, que sigui aquest el motor dels nostres moviments.<\/p>\n<p><strong><span style=\"text-decoration: underline;\"><span style=\"color: #0000ff; text-decoration: underline;\">Diumenge, 6 de desembre<\/span><\/span><\/strong><\/p>\n<p>Salm 65<br \/>\nCantem al nostre D\u00e9u, lloem-lo amb goig perqu\u00e8 \u00e9s la nostra salvaci\u00f3, perqu\u00e8 en la seva paraula fidel reposa la nostra esperan\u00e7a; ell que vesa sobre la seva creaci\u00f3 vida en abund\u00e0ncia, far\u00e0 que la seva just\u00edcia regni en mig de la terra, florir\u00e0 un m\u00f3n nou amarat del seu Esperit. Am\u00e9n Senyor, transforma el nostre m\u00f3n.<\/p>\n","protected":false},"excerpt":{"rendered":"<p>Dilluns, 30 de novembre Jeremies 29, 4-14 La teva salvaci\u00f3 sempre arriba! El teu cor no oblidar\u00e0 mai el teu poble! Senyor, vull recordar el teu amor i la teva fidelitat, la teva miseric\u00f2rdia i la teva bondat, s\u00e9 Senyor, ho s\u00e9, tu vindr\u00e0s a salvar-nos. Fes-me viure en els teus camins all\u00e0 on la [&hellip;]<\/p>\n","protected":false},"author":1,"featured_media":0,"comment_status":"open","ping_status":"open","sticky":false,"template":"","format":"standard","meta":{"_jetpack_memberships_contains_paid_content":false,"footnotes":""},"categories":[7],"tags":[],"class_list":["post-1464","post","type-post","status-publish","format-standard","hentry","category-meditacions-diaries"],"jetpack_sharing_enabled":true,"jetpack_featured_media_url":"","_links":{"self":[{"href":"https:\/\/eec.cat\/blog\/wp-json\/wp\/v2\/posts\/1464","targetHints":{"allow":["GET"]}}],"collection":[{"href":"https:\/\/eec.cat\/blog\/wp-json\/wp\/v2\/posts"}],"about":[{"href":"https:\/\/eec.cat\/blog\/wp-json\/wp\/v2\/types\/post"}],"author":[{"embeddable":true,"href":"https:\/\/eec.cat\/blog\/wp-json\/wp\/v2\/users\/1"}],"replies":[{"embeddable":true,"href":"https:\/\/eec.cat\/blog\/wp-json\/wp\/v2\/comments?post=1464"}],"version-history":[{"count":0,"href":"https:\/\/eec.cat\/blog\/wp-json\/wp\/v2\/posts\/1464\/revisions"}],"wp:attachment":[{"href":"https:\/\/eec.cat\/blog\/wp-json\/wp\/v2\/media?parent=1464"}],"wp:term":[{"taxonomy":"category","embeddable":true,"href":"https:\/\/eec.cat\/blog\/wp-json\/wp\/v2\/categories?post=1464"},{"taxonomy":"post_tag","embeddable":true,"href":"https:\/\/eec.cat\/blog\/wp-json\/wp\/v2\/tags?post=1464"}],"curies":[{"name":"wp","href":"https:\/\/api.w.org\/{rel}","templated":true}]}}