{"id":1442,"date":"2015-11-15T16:43:33","date_gmt":"2015-11-15T16:43:33","guid":{"rendered":"http:\/\/eec.cat\/blog\/?p=1442"},"modified":"2015-11-15T16:44:01","modified_gmt":"2015-11-15T16:44:01","slug":"dia-a-dia-16-de-novembre-22-de-novembre-2015","status":"publish","type":"post","link":"https:\/\/eec.cat\/blog\/dia-a-dia-16-de-novembre-22-de-novembre-2015\/","title":{"rendered":"Dia a Dia. 16 de novembre &#8211; 22 de novembre 2015"},"content":{"rendered":"<p><strong><span style=\"text-decoration: underline;\"><span style=\"color: #0000ff; text-decoration: underline;\"><a href=\"http:\/\/eec.cat\/blog\/wp-content\/uploads\/2015\/11\/arbre.jpg\"><img loading=\"lazy\" decoding=\"async\" class=\"alignleft size-thumbnail wp-image-1443\" src=\"http:\/\/eec.cat\/blog\/wp-content\/uploads\/2015\/11\/arbre-150x150.jpg\" alt=\"arbre\" width=\"150\" height=\"150\" \/><\/a>Dilluns, 16 de novembre<\/span><\/span><\/strong><\/p>\n<p>Jeremies 37, 3-21<br \/>\nAi Senyor, quantes vegades confiem en altres abans que en tu? Quantes vegades preferim escoltar les paraules f\u00e0cils que recordar la teva paraula? Si confi\u00e0vem en Egipte ens hem vist desvalguts, si vol\u00edem sentir falsos profetes, ens han ven enganyat. D\u00f3na\u2019ns la saviesa necess\u00e0ria per distingir la teva paraula, omple\u2019ns de la teva fe per confiar a tu la nostra vida.<\/p>\n<p><strong><span style=\"text-decoration: underline;\"><span style=\"color: #0000ff; text-decoration: underline;\">Dimarts, 17 de novembre<\/span><\/span><\/strong><\/p>\n<p>1 Corintis 14, 13-25<br \/>\nSenyor que la meva llengua parli la teva paraula, paraules d\u2019al\u00e8 i de comprensi\u00f3, paraules que edifiquin als meus germans i omplin de dolcesa a les meves germanes. D\u00f3na\u2019ns Senyor un llenguatge comprensible, que sapiguem transmetre el teu amor i la teva miseric\u00f2rdia.<\/p>\n<p><strong><span style=\"text-decoration: underline;\"><span style=\"color: #0000ff; text-decoration: underline;\">Dimecres, 18 de novembre<\/span><\/span><\/strong><\/p>\n<p>Mateu 10, 24-33<br \/>\nQue res a la meva vida negui la teva sobirania, que res del que faci sigui fora dels teus camins. Senyor, no deixis que prengui el cam\u00ed f\u00e0cil, que oblidi quina \u00e9s la teva voluntat, no permetis que la por em faci deixar la honestedat de canto i em perdi en el discurs d\u2019un m\u00f3n que predica l\u2019egoisme. Omplen de forces per caminar com ho va fer Jes\u00fas.<\/p>\n<p><strong><span style=\"text-decoration: underline;\"><span style=\"color: #0000ff; text-decoration: underline;\">Dijous, 19 de novembre<\/span><\/span><\/strong><\/p>\n<p>Jeremies 38, 1-13<br \/>\nS\u2019ha de ser valent per parlar la paraula de D\u00e9u, s\u2019ha de ser agosarat per viure el que prediquem. Senyor, la hist\u00f2ria dels homes i les dones que s\u2019han posat al teu servei esta plena de dificultats i d\u2019escarnis, com a Jeremies, a moltes i molts no hem volgut escoltar; fes-nos sensibles a la teva paraula, fes-nos valents per proclamar-la.<\/p>\n<p><strong><span style=\"text-decoration: underline;\"><span style=\"color: #0000ff; text-decoration: underline;\">Divendres, 20 de novembre<\/span><\/span><\/strong><\/p>\n<p>1 Corintis 14, 37-40<br \/>\nSentir-te, escoltar-te, obeir-te, tindre seny per viure, \u2026 hi ha tantes coses que hem de millorar, per aix\u00f2 et demanem la companyia del teu Esperit, fes-nos recon\u00e8ixer la seva pres\u00e8ncia, fes-nos viure amb honestedat. Anhelem la teva paraula, no permetis que deixem de sentir-la.<\/p>\n<p><strong><span style=\"text-decoration: underline;\"><span style=\"color: #0000ff; text-decoration: underline;\">Dissabte, 21 de novembre<\/span><\/span><\/strong><\/p>\n<p>Mateu 10, 37-42<br \/>\nEn Jes\u00fas s\u2019ha constru\u00eft una nova comunitat, que accepta a tothom, que cuida de totadon, \u00e9s en ell que constru\u00efm la nostra fraternitat. Senyor, fes-nos generosos els uns amb les altres, tinguem sempre present que l\u2019amor que ens has donat \u00e9s el que hem de compartir, que l\u2019exemple del teu fill ens acompanyi.<\/p>\n<p><strong><span style=\"text-decoration: underline;\"><span style=\"color: #0000ff; text-decoration: underline;\">Diumenge, 22 de novembre<\/span><\/span><\/strong><\/p>\n<p>Salm 80<br \/>\nDe tu ve la renovaci\u00f3 del teu poble, de la teva paraula el seu aliment, de la teva mirada la nostra salvaci\u00f3. Fes-nos veure les nostres errades, esmena els nostres camins, fes-nos tornar a tu. Senyor, en el teu amor i la teva miseric\u00f2rdia confiem, sabem que ens estimes i que mai t\u2019oblidar\u00e0s de nosaltres.<\/p>\n","protected":false},"excerpt":{"rendered":"<p>Dilluns, 16 de novembre Jeremies 37, 3-21 Ai Senyor, quantes vegades confiem en altres abans que en tu? Quantes vegades preferim escoltar les paraules f\u00e0cils que recordar la teva paraula? Si confi\u00e0vem en Egipte ens hem vist desvalguts, si vol\u00edem sentir falsos profetes, ens han ven enganyat. D\u00f3na\u2019ns la saviesa necess\u00e0ria per distingir la teva [&hellip;]<\/p>\n","protected":false},"author":1,"featured_media":0,"comment_status":"open","ping_status":"open","sticky":false,"template":"","format":"standard","meta":{"_jetpack_memberships_contains_paid_content":false,"footnotes":""},"categories":[7],"tags":[],"class_list":["post-1442","post","type-post","status-publish","format-standard","hentry","category-meditacions-diaries"],"jetpack_sharing_enabled":true,"jetpack_featured_media_url":"","_links":{"self":[{"href":"https:\/\/eec.cat\/blog\/wp-json\/wp\/v2\/posts\/1442","targetHints":{"allow":["GET"]}}],"collection":[{"href":"https:\/\/eec.cat\/blog\/wp-json\/wp\/v2\/posts"}],"about":[{"href":"https:\/\/eec.cat\/blog\/wp-json\/wp\/v2\/types\/post"}],"author":[{"embeddable":true,"href":"https:\/\/eec.cat\/blog\/wp-json\/wp\/v2\/users\/1"}],"replies":[{"embeddable":true,"href":"https:\/\/eec.cat\/blog\/wp-json\/wp\/v2\/comments?post=1442"}],"version-history":[{"count":0,"href":"https:\/\/eec.cat\/blog\/wp-json\/wp\/v2\/posts\/1442\/revisions"}],"wp:attachment":[{"href":"https:\/\/eec.cat\/blog\/wp-json\/wp\/v2\/media?parent=1442"}],"wp:term":[{"taxonomy":"category","embeddable":true,"href":"https:\/\/eec.cat\/blog\/wp-json\/wp\/v2\/categories?post=1442"},{"taxonomy":"post_tag","embeddable":true,"href":"https:\/\/eec.cat\/blog\/wp-json\/wp\/v2\/tags?post=1442"}],"curies":[{"name":"wp","href":"https:\/\/api.w.org\/{rel}","templated":true}]}}