{"id":1438,"date":"2015-11-14T07:45:05","date_gmt":"2015-11-14T07:45:05","guid":{"rendered":"http:\/\/eec.cat\/blog\/?p=1438"},"modified":"2015-11-14T07:45:05","modified_gmt":"2015-11-14T07:45:05","slug":"iee-condena-el-multiple-ataque-terrorista-en-paris","status":"publish","type":"post","link":"https:\/\/eec.cat\/blog\/iee-condena-el-multiple-ataque-terrorista-en-paris\/","title":{"rendered":"IEE condena el m\u00faltiple ataque terrorista en Par\u00eds"},"content":{"rendered":"<p><span id=\"fbPhotoPageCaption\" class=\"fbPhotosPhotoCaption\" tabindex=\"0\" data-ft=\"{&quot;tn&quot;:&quot;*G&quot;,&quot;type&quot;:45}\"><a href=\"http:\/\/eec.cat\/blog\/wp-content\/uploads\/2015\/11\/paris-atentado.png\"><img loading=\"lazy\" decoding=\"async\" class=\"alignleft size-thumbnail wp-image-1439\" src=\"http:\/\/eec.cat\/blog\/wp-content\/uploads\/2015\/11\/paris-atentado-150x150.png\" alt=\"atentado en Par\u00eds\" width=\"150\" height=\"150\" \/><\/a>(Comunicaci\u00f3n IEE \u2013 14\/11\/15) Francia ha sido golpeada de nuevo por la barbarie terrorista. M\u00e1s de 100 personas fallecieron en Par\u00eds la pasada noche, y muchas otras han sido heridas de gravedad a causa del m\u00faltiple atentado terrorista ocurrido en la capital francesa.<\/p>\n<p>A trav\u00e9s de esta nota la Iglesia Evang\u00e9lica Espa\u00f1ola expresa su rotunda conden<span class=\"text_exposed_show\">a el ataque terrorista, m\u00e1s si cabe cuando se realiza, como parece ser, en nombre de Dios. Tambi\u00e9n quiere expresar su solidaridad con los familiares de las v\u00edctimas y con el pueblo franc\u00e9s. Por ello insta a las comunidades que conforman la IEE a que en sus cultos dominicales eleven una plegaria a Dios por los familiares y amigos de las v\u00edctimas, y por este mundo dram\u00e1ticamente convulsionado por la violencia.<\/p>\n<p>Es nuestra convicci\u00f3n que la ira humana nunca construye la justicia de Dios (Stgo. 2:10). Y comprometidos en la lucha por la paz (Mt. 5:20), esperamos un mundo conforme a Dios, m\u00e1s humano y fraterno, donde los seres humanos no se adiestren m\u00e1s para la violencia y la guerra (Is. 2:4). Soli Deo Gloria<\/span><\/span><span id=\"fbPhotoPageSeeFullPost\"><\/span><\/p>\n<div id=\"fbPhotoPageInlineEditor\" class=\"fbPhotoInlineEditor\"><\/div>\n<div id=\"fbPhotoPageFeedback\" class=\"fbPhotosPhotoFeedback\">\n<form id=\"u_jsonp_12_7\" class=\"commentable_item collapsible_comments\" action=\"https:\/\/www.facebook.com\/ajax\/ufi\/modify.php\" method=\"post\" data-ft=\"{&quot;tn&quot;:&quot;]&quot;}\">\n<div class=\"withActorSelector\">\n<div class=\"clearfix\">\n<div class=\"_4bl7 _4bl8\">\n<div id=\"u_jsonp_12_c\"><span class=\"_6vh\" data-reactroot=\"\"><span data-hover=\"tooltip\">\u00a0<\/span><\/span><\/div>\n<\/div>\n<\/div>\n<\/div>\n<\/form>\n<\/div>\n","protected":false},"excerpt":{"rendered":"<p>(Comunicaci\u00f3n IEE \u2013 14\/11\/15) Francia ha sido golpeada de nuevo por la barbarie terrorista. M\u00e1s de 100 personas fallecieron en Par\u00eds la pasada noche, y muchas otras han sido heridas de gravedad a causa del m\u00faltiple atentado terrorista ocurrido en la capital francesa. A trav\u00e9s de esta nota la Iglesia Evang\u00e9lica Espa\u00f1ola expresa su rotunda [&hellip;]<\/p>\n","protected":false},"author":1,"featured_media":1439,"comment_status":"open","ping_status":"open","sticky":false,"template":"","format":"standard","meta":{"_jetpack_memberships_contains_paid_content":false,"footnotes":""},"categories":[4],"tags":[86,88,87],"class_list":["post-1438","post","type-post","status-publish","format-standard","has-post-thumbnail","hentry","category-noticies","tag-atentado-en-paris","tag-iglesia-evangelica-espanola","tag-terrorismo"],"jetpack_sharing_enabled":true,"jetpack_featured_media_url":"https:\/\/eec.cat\/blog\/wp-content\/uploads\/2015\/11\/paris-atentado.png","_links":{"self":[{"href":"https:\/\/eec.cat\/blog\/wp-json\/wp\/v2\/posts\/1438","targetHints":{"allow":["GET"]}}],"collection":[{"href":"https:\/\/eec.cat\/blog\/wp-json\/wp\/v2\/posts"}],"about":[{"href":"https:\/\/eec.cat\/blog\/wp-json\/wp\/v2\/types\/post"}],"author":[{"embeddable":true,"href":"https:\/\/eec.cat\/blog\/wp-json\/wp\/v2\/users\/1"}],"replies":[{"embeddable":true,"href":"https:\/\/eec.cat\/blog\/wp-json\/wp\/v2\/comments?post=1438"}],"version-history":[{"count":0,"href":"https:\/\/eec.cat\/blog\/wp-json\/wp\/v2\/posts\/1438\/revisions"}],"wp:featuredmedia":[{"embeddable":true,"href":"https:\/\/eec.cat\/blog\/wp-json\/wp\/v2\/media\/1439"}],"wp:attachment":[{"href":"https:\/\/eec.cat\/blog\/wp-json\/wp\/v2\/media?parent=1438"}],"wp:term":[{"taxonomy":"category","embeddable":true,"href":"https:\/\/eec.cat\/blog\/wp-json\/wp\/v2\/categories?post=1438"},{"taxonomy":"post_tag","embeddable":true,"href":"https:\/\/eec.cat\/blog\/wp-json\/wp\/v2\/tags?post=1438"}],"curies":[{"name":"wp","href":"https:\/\/api.w.org\/{rel}","templated":true}]}}