{"id":1435,"date":"2015-11-08T20:12:39","date_gmt":"2015-11-08T20:12:39","guid":{"rendered":"http:\/\/eec.cat\/blog\/?p=1435"},"modified":"2015-11-08T20:13:07","modified_gmt":"2015-11-08T20:13:07","slug":"dia-a-dia-9-de-novembre-15-de-novembre-2015","status":"publish","type":"post","link":"https:\/\/eec.cat\/blog\/dia-a-dia-9-de-novembre-15-de-novembre-2015\/","title":{"rendered":"Dia a Dia. 9 de novembre &#8211; 15 de novembre 2015"},"content":{"rendered":"<p><strong><span style=\"text-decoration: underline;\"><span style=\"color: #0000ff; text-decoration: underline;\"><a href=\"http:\/\/eec.cat\/blog\/wp-content\/uploads\/2015\/11\/prado.jpg\"><img loading=\"lazy\" decoding=\"async\" class=\"alignleft size-thumbnail wp-image-1436\" src=\"http:\/\/eec.cat\/blog\/wp-content\/uploads\/2015\/11\/prado-150x150.jpg\" alt=\"prado\" width=\"150\" height=\"150\" \/><\/a>Dilluns, 9 de novembre<\/span><\/span><\/strong><\/p>\n<p>Jeremies 36, 11-26<br \/>\nSenyor, no permetis que la nostra comoditat no ens faci escoltar la teva paraula, que l\u2019argument del meu germ\u00e0 sigui d\u2019inspiraci\u00f3 per la meva vida, que el consell de la meva germana sigui al\u00e8 per seguir endavant. Fes que les nostres paraules siguin les teves, que els alentim els un als altres i no oblidem mai la benedicci\u00f3 de ser part del teu poble.<\/p>\n<p><strong><span style=\"text-decoration: underline;\"><span style=\"color: #0000ff; text-decoration: underline;\">Dimarts, 10 de novembre<\/span><\/span><\/strong><\/p>\n<p>1 Corintis 13, 4-13<br \/>\nOmple la meva vida del teu amor, que la paci\u00e8ncia que tens en mi jo la tingui amb els altres, que la bondat que m\u2019has ofert la ofereixi jo tamb\u00e9; treu del meu cor les enveges i els orgulls, omple\u2019m del goig de fer el b\u00e9 a totes i tots. Que mai s\u2019apagui dins meu el teu amor, que creixi sempre, enfortit per la teva miseric\u00f2rdia.<\/p>\n<p><strong><span style=\"text-decoration: underline;\"><span style=\"color: #0000ff; text-decoration: underline;\">Dimecres, 11 de novembre<\/span><\/span><\/strong><\/p>\n<p>Mateu 10, 5-15<br \/>\nFes-me caminar confiada en tu, sabedora que ets tu qui es preocupa per mi i pel meu benestar; fes-me generosa amb els que transiten pels camins, amb els que depenen solament de la m\u00e0 dels altres. Senyor i D\u00e9u meu, que la pau que m\u2019has ofert sigui el que jo ofereixi a tothom.<\/p>\n<p><strong><span style=\"text-decoration: underline;\"><span style=\"color: #0000ff; text-decoration: underline;\">Dijous, 12 de novembre<\/span><\/span><\/strong><\/p>\n<p>Jeremies 36, 27 \u2013 37, 2<br \/>\nQuantes vegades Senyor hem fet o\u00efdes sordes a la teva paraula, quantes vegades em preferit confiar en les nostres pr\u00f2pies forces i oblidar quina \u00e9s la teva voluntat. No permetis que caiguem en la banalitat de voler salvar-nos a nosaltres mateixos, no permetis que deixem enrere quina \u00e9s la nostra missi\u00f3. Renova el teu poble Senyor, ofereix-nos el teu esperit per caminar.<\/p>\n<p><strong><span style=\"text-decoration: underline;\"><span style=\"color: #0000ff; text-decoration: underline;\">Divendres, 13 de novembre<\/span><\/span><\/strong><\/p>\n<p>1 Corintis 14, 1-12<br \/>\nOmple el teu poble de la teva saviesa, que puguem ser inspiradors d\u2019un m\u00f3n millor, que la teva paraula sorgeixi de les nostres boques, per acusar al dolent, per denunciar la injust\u00edcia. Senyor, que no ens perdem en coses vanes que no edifiquen ni transformen, omple\u2019ns de tu per treballar pels que pateixen.<\/p>\n<p><strong><span style=\"text-decoration: underline;\"><span style=\"color: #0000ff; text-decoration: underline;\">Dissabte, 14 de novembre<\/span><\/span><\/strong><\/p>\n<p>Mateu 10, 16-23<br \/>\nQue no tinguem por de proclamar la teva voluntat, que no tinguem por de demanar just\u00edcia; denunciar als corruptes i als dolents no \u00e9s f\u00e0cil, perqu\u00e8 els poderosos no volen escoltar les cr\u00edtiques, per\u00f2 nosaltres tenim la missi\u00f3 de construir un m\u00f3n millor; qu\u00e8 el teu Esperit ens acompanyi cada dia i ens inspiri per viure en la teva voluntat.<\/p>\n<p><strong><span style=\"text-decoration: underline;\"><span style=\"color: #0000ff; text-decoration: underline;\">Diumenge, 15 de novembre<\/span><\/span><\/strong><\/p>\n<p>Salm 30<br \/>\nFins i tot quan he viscut confiada, quan he apartat de tu la meva mirada, tu seguies disposat a escoltar-me. Els teus ulls mai han deixat de mirar-me i les teves o\u00efdes sempre han estat atentes al meu clam. Gr\u00e0cies Senyor per la teva fidelitat, que supera totes les meves faltes, gr\u00e0cies per el teu gran amor que sempre \u00e9s present entre nosaltres.<\/p>\n","protected":false},"excerpt":{"rendered":"<p>Dilluns, 9 de novembre Jeremies 36, 11-26 Senyor, no permetis que la nostra comoditat no ens faci escoltar la teva paraula, que l\u2019argument del meu germ\u00e0 sigui d\u2019inspiraci\u00f3 per la meva vida, que el consell de la meva germana sigui al\u00e8 per seguir endavant. Fes que les nostres paraules siguin les teves, que els alentim [&hellip;]<\/p>\n","protected":false},"author":1,"featured_media":0,"comment_status":"open","ping_status":"open","sticky":false,"template":"","format":"standard","meta":{"_jetpack_memberships_contains_paid_content":false,"footnotes":""},"categories":[7],"tags":[],"class_list":["post-1435","post","type-post","status-publish","format-standard","hentry","category-meditacions-diaries"],"jetpack_sharing_enabled":true,"jetpack_featured_media_url":"","_links":{"self":[{"href":"https:\/\/eec.cat\/blog\/wp-json\/wp\/v2\/posts\/1435","targetHints":{"allow":["GET"]}}],"collection":[{"href":"https:\/\/eec.cat\/blog\/wp-json\/wp\/v2\/posts"}],"about":[{"href":"https:\/\/eec.cat\/blog\/wp-json\/wp\/v2\/types\/post"}],"author":[{"embeddable":true,"href":"https:\/\/eec.cat\/blog\/wp-json\/wp\/v2\/users\/1"}],"replies":[{"embeddable":true,"href":"https:\/\/eec.cat\/blog\/wp-json\/wp\/v2\/comments?post=1435"}],"version-history":[{"count":0,"href":"https:\/\/eec.cat\/blog\/wp-json\/wp\/v2\/posts\/1435\/revisions"}],"wp:attachment":[{"href":"https:\/\/eec.cat\/blog\/wp-json\/wp\/v2\/media?parent=1435"}],"wp:term":[{"taxonomy":"category","embeddable":true,"href":"https:\/\/eec.cat\/blog\/wp-json\/wp\/v2\/categories?post=1435"},{"taxonomy":"post_tag","embeddable":true,"href":"https:\/\/eec.cat\/blog\/wp-json\/wp\/v2\/tags?post=1435"}],"curies":[{"name":"wp","href":"https:\/\/api.w.org\/{rel}","templated":true}]}}