{"id":1419,"date":"2015-11-07T21:38:44","date_gmt":"2015-11-07T21:38:44","guid":{"rendered":"http:\/\/eec.cat\/blog\/?p=1419"},"modified":"2015-11-07T21:40:40","modified_gmt":"2015-11-07T21:40:40","slug":"resum-sinode-2015","status":"publish","type":"post","link":"https:\/\/eec.cat\/blog\/resum-sinode-2015\/","title":{"rendered":"Resum S\u00ednode 2015"},"content":{"rendered":"<p style=\"text-align: center;\"><strong><span style=\"text-decoration: underline;\">Una ressenya del 76 S\u00ednode de la Esgl\u00e9sia Evang\u00e8lica Espanyola<\/span><\/strong><\/p>\n<p><a href=\"http:\/\/eec.cat\/blog\/wp-content\/uploads\/2015\/11\/inaguracion-sinodo-300x173.jpg\"><img loading=\"lazy\" decoding=\"async\" class=\"alignleft size-thumbnail wp-image-1420\" src=\"http:\/\/eec.cat\/blog\/wp-content\/uploads\/2015\/11\/inaguracion-sinodo-300x173-150x150.jpg\" alt=\"inaguracion-sinodo-300x173\" width=\"150\" height=\"150\" \/><\/a>Sota el lema \u201cArtesans de la pau, sembradors de la just\u00edcia\u201d se\u2019ns ha convocat al LXXVI S\u00ednode General de la Iglesia Evang\u00e9lica Espa\u00f1ola (IEE), celebrat a Madrid del 9 al 12 d\u2019octubre.<\/p>\n<p>El culte inaugural es va celebrar a l\u2019esgl\u00e9sia de Jes\u00fas (c\/ Calatrava, 25). La cerim\u00f2nia va ser molt concorreguda i va participar la coral de l\u2019esgl\u00e9sia de l\u2019Esperan\u00e7a (M\u00f3stoles), que van aportar alegria i entusiasme amb les seves can\u00e7ons. La predicaci\u00f3, com es costum, va estar a c\u00e0rrec de la presidenta del presbiteri, la pastora Esther Ruiz, qui va meditar sobre el text de Jaume 3, 13-18 i ens va encoratjar a treballar per la just\u00edcia i la pau com a fills de D\u00e9u.<\/p>\n<p>Com b\u00e9 ens va recordar el president de la Comissi\u00f3 Permanent, Joel Cort\u00e9s, va ser un s\u00ednode on v\u00e0rem fer cam\u00ed. Entre l\u2019hotel on est\u00e0vem hostejats i l\u2019esgl\u00e9sia El Salvador, on es van celebrar les sessions (c\/ Noviciado, 5), vam poder mantenir bones converses i gaudir de les vistes i del clima madrileny.<\/p>\n<p>La pon\u00e8ncia del LXXVI S\u00ednode General va ser pronunciada per Chirs Fergusson, secretari general de la Comuni\u00f3 Mundial d\u2019Esgl\u00e9sies Reformades (WCRC). Les seves paraules ens van portar a la Confesi\u00f3n d\u2019Accra (2004) i com poder fer-la present avui dia.<\/p>\n<p>En relaci\u00f3 els informes presentats, cal destacar l\u2019obra social realitzada pels diferents presbiteris i per diferents institucions i associacions de la nostra esgl\u00e9sia. No obstant, la crisi tamb\u00e9 les afecta i sovint la continu\u00eftat de la seva bona tasca est\u00e0 en una situaci\u00f3 dif\u00edcil.<\/p>\n<p>At\u00e8s que aquest any el s\u00ednode ha estat tamb\u00e9 en diumenge, l\u2019organitzaci\u00f3 va creure oportunament que els sinodals ens un\u00edssim a les celebracions dominicals d\u2019alguna de les comunitats del presbiteri. V\u00e0rem poder gaudir de la companyia de germans i de lit\u00fargies diferents als que estem acostumats.<\/p>\n<p>Un dels aspectes que va portar m\u00e9s debat fou la Declaraci\u00f3 de Manr\u00e9, proposada per la Comissi\u00f3 Permanent per ser ratificada pel s\u00ednode. Es tracta de la feina de reflexi\u00f3 b\u00edblica i teol\u00f2gica realitzada pel cos pastoral de la IEE sobre la inclusivitat a les nostres comunitats, tal i com va demanar l\u2019anterior s\u00ednode (2013). Les posicions clarament diferenciades van donar lloc a un debat ric i intens en qu\u00e8 tots v\u00e0rem poder escoltar i ser escoltats. La Declaraci\u00f3 de Manr\u00e9 va ser acceptada i ratificada pel LXXVI S\u00ednode General de la IEE.<\/p>\n<p>Fa dos anys es va escollir Comissi\u00f3 Permanent, i per tant enguany tocava ratificar la seva gesti\u00f3. El s\u00ednode va creure oport\u00fa i adient que es continu\u00e9s en la mateixa l\u00ednia que fins ara, esperant que d\u2019aqu\u00ed dos anys haguem d\u2019escollir una de nova.<\/p>\n<p><a href=\"http:\/\/eec.cat\/blog\/wp-content\/uploads\/2015\/11\/joelsinodo-300x157.jpg\"><img loading=\"lazy\" decoding=\"async\" class=\"alignleft size-full wp-image-1421\" src=\"http:\/\/eec.cat\/blog\/wp-content\/uploads\/2015\/11\/joelsinodo-300x157.jpg\" alt=\"joelsinodo-300x157\" width=\"300\" height=\"157\" \/><\/a>A m\u00e9s, les sessions es van desenvolupar en un clima de germanor, donant lloc a exposar les discrep\u00e0ncies i els posicionaments entre els sinodals per\u00f2 mantenint l\u2019amor i el saber estar d\u2019aquells que ens declarem germans els uns dels altres.<\/p>\n<p>Finalment, destacar les vetllades programades. Tot i que el temps semblava que anava contra nosaltres, tant el concert del pianista Jorge Robaina com el concert de la coral de l\u2019esgl\u00e9sia El Salvador (c\/ Noviciado, 5) van ser fant\u00e0stics. Les mans virtuoses del pianista i les veus harm\u00f2niques de la coral van ser d\u2019agrair per tal de preparar-nos per la nit i reposar les llargues estones de treball.<\/p>\n<p>El culte de clausura es va celebrar a l\u2019esgl\u00e9sia de Crist (c\/ Bravo Murillo, 85). La predicaci\u00f3, aquesta vegada, va estar a c\u00e0rrec de Joel Cort\u00e9s, president de la Comissi\u00f3 Permanent, com \u00e9s costum. La participaci\u00f3 del Sant Sopar va ser del tot emotiva, com tamb\u00e9 va ser un plaer poder tornar a gaudir de la participaci\u00f3 musical de la coral de l\u2019esgl\u00e9sia de l\u2019Esperan\u00e7a.<\/p>\n<p>En definitiva, s\u2019ha treballat for\u00e7a i tamb\u00e9 s\u2019ha gaudit de la germanor que ens caracteritza, retrobant germans d\u2019altres presbiteris. Ens veiem al proper s\u00ednode!<\/p>\n<p><strong>Isaac Garc\u00eda-Oses<\/strong><\/p>\n","protected":false},"excerpt":{"rendered":"<p>Una ressenya del 76 S\u00ednode de la Esgl\u00e9sia Evang\u00e8lica Espanyola Sota el lema \u201cArtesans de la pau, sembradors de la just\u00edcia\u201d se\u2019ns ha convocat al LXXVI S\u00ednode General de la Iglesia Evang\u00e9lica Espa\u00f1ola (IEE), celebrat a Madrid del 9 al 12 d\u2019octubre. El culte inaugural es va celebrar a l\u2019esgl\u00e9sia de Jes\u00fas (c\/ Calatrava, 25). [&hellip;]<\/p>\n","protected":false},"author":1,"featured_media":0,"comment_status":"open","ping_status":"open","sticky":false,"template":"","format":"standard","meta":{"_jetpack_memberships_contains_paid_content":false,"footnotes":""},"categories":[6],"tags":[],"class_list":["post-1419","post","type-post","status-publish","format-standard","hentry","category-reflexions"],"jetpack_sharing_enabled":true,"jetpack_featured_media_url":"","_links":{"self":[{"href":"https:\/\/eec.cat\/blog\/wp-json\/wp\/v2\/posts\/1419","targetHints":{"allow":["GET"]}}],"collection":[{"href":"https:\/\/eec.cat\/blog\/wp-json\/wp\/v2\/posts"}],"about":[{"href":"https:\/\/eec.cat\/blog\/wp-json\/wp\/v2\/types\/post"}],"author":[{"embeddable":true,"href":"https:\/\/eec.cat\/blog\/wp-json\/wp\/v2\/users\/1"}],"replies":[{"embeddable":true,"href":"https:\/\/eec.cat\/blog\/wp-json\/wp\/v2\/comments?post=1419"}],"version-history":[{"count":0,"href":"https:\/\/eec.cat\/blog\/wp-json\/wp\/v2\/posts\/1419\/revisions"}],"wp:attachment":[{"href":"https:\/\/eec.cat\/blog\/wp-json\/wp\/v2\/media?parent=1419"}],"wp:term":[{"taxonomy":"category","embeddable":true,"href":"https:\/\/eec.cat\/blog\/wp-json\/wp\/v2\/categories?post=1419"},{"taxonomy":"post_tag","embeddable":true,"href":"https:\/\/eec.cat\/blog\/wp-json\/wp\/v2\/tags?post=1419"}],"curies":[{"name":"wp","href":"https:\/\/api.w.org\/{rel}","templated":true}]}}