{"id":1415,"date":"2015-11-02T06:40:14","date_gmt":"2015-11-02T06:40:14","guid":{"rendered":"http:\/\/eec.cat\/blog\/?p=1415"},"modified":"2015-11-02T06:40:40","modified_gmt":"2015-11-02T06:40:40","slug":"dia-a-dia-2-de-novembre-8-de-novembre-2015","status":"publish","type":"post","link":"https:\/\/eec.cat\/blog\/dia-a-dia-2-de-novembre-8-de-novembre-2015\/","title":{"rendered":"Dia a Dia. 2 de novembre &#8211; 8 de novembre 2015"},"content":{"rendered":"<p><strong><span style=\"text-decoration: underline;\"><span style=\"color: #0000ff; text-decoration: underline;\"><a href=\"http:\/\/eec.cat\/blog\/wp-content\/uploads\/2015\/11\/oto\u00f1oo.jpg\"><img loading=\"lazy\" decoding=\"async\" class=\"alignleft size-thumbnail wp-image-1416\" src=\"http:\/\/eec.cat\/blog\/wp-content\/uploads\/2015\/11\/oto\u00f1oo-150x150.jpg\" alt=\"oto\u00f1oo\" width=\"150\" height=\"150\" \/><\/a>Dilluns, 2 de novembre<\/span><\/span><\/strong><\/p>\n<p>Jeremies 35, 1-19<br \/>\nQuantes vegades Senyor, com a poble teu, ens hem d\u2019avergonyir, perqu\u00e8 els qui no et coneixen compleixen amb m\u00e9s delit que nosaltres el teu desig de construir un m\u00f3n millor; no ens deixis Senyor oblidar quina \u00e9s la nostra tasca, quina \u00e9s la teva voluntat pel teu poble. Fes-nos veure quin cam\u00ed vols que portem i d\u00f3na\u2019ns forces per seguir-lo.<\/p>\n<p><strong><span style=\"text-decoration: underline;\"><span style=\"color: #0000ff; text-decoration: underline;\">Dimarts, 3 de novembre<\/span><\/span><\/strong><\/p>\n<p>1 Corintis 12, 27 \u2013 13, 3<br \/>\nSenyor, que cada do que posem al servei de la teva comunitat, ho fem guiats per l\u2019amor, que cada tasca que realitzem en mig del teu poble, ho fem inspirats en tot el que tu ens has estimat. No vull oblidar que \u00e9s per amor que treballo, vull sempre recordar que tu em vas estimar primer i que aquest do del teu amor sempre ha de ser una realitat en tot all\u00f2 que faig i dic.<\/p>\n<p><strong><span style=\"text-decoration: underline;\"><span style=\"color: #0000ff; text-decoration: underline;\">Dimecres, 4 de novembre<\/span><\/span><\/strong><\/p>\n<p>Mateu 9, 35 \u2013 10, 4<br \/>\nVull posar la meva vida al teu servei, vull seguir les passes de Jes\u00fas, pels camins plens de gent que busca llibertat i salvaci\u00f3, consol i amor. Omple la meva vida de la teva compassi\u00f3, perqu\u00e8 pugui mirar a l\u2019altre i fer meu el seu patir. Senyor, omple la teva esgl\u00e9sia de dons perqu\u00e8 puguem transformar aquest m\u00f3n en el teu regne.<\/p>\n<p><strong><span style=\"text-decoration: underline;\"><span style=\"color: #0000ff; text-decoration: underline;\">Dijous, 5 de novembre<\/span><\/span><\/strong><\/p>\n<p>Jeremies 36, 1-10<br \/>\nNo vull endurir el meu cor, Senyor, vull que la teva paraula em transformi i em faci tornar als teus camins; la hist\u00f2ria del teu poble \u00e9s plena d\u2019exemples d\u2019arrog\u00e0ncia i egoisme, i \u00e9s tant f\u00e0cil veure-ho de lluny! Per\u00f2 adonar-me del que jo faig malament \u00e9s molt m\u00e9s dif\u00edcil, no permetis que camini en l\u2019error, obre el meu enteniment i el meu cor per tornar sempre a tu.<\/p>\n<p><strong><span style=\"text-decoration: underline;\"><span style=\"color: #0000ff; text-decoration: underline;\">Divendres, 6 de novembre<\/span><\/span><\/strong><\/p>\n<p>Fets 14, 8-18<br \/>\n\u00c9s tant f\u00e0cil caure en l\u2019adulaci\u00f3, \u00e9s tant senzill escoltar les veus que ens afalaguen; no permetis, D\u00e9u meu, que oblidi que tot all\u00f2 que faig o dic ho faig i ho dic per la teva gl\u00f2ria, perqu\u00e8 la gent pugui con\u00e8ixer el teu amor i la teva miseric\u00f2rdia. No vull destacar pels meus dons, sin\u00f3 per qui me\u2019ls ha ofert.<\/p>\n<p><strong><span style=\"text-decoration: underline;\"><span style=\"color: #0000ff; text-decoration: underline;\">Dissabte, 7 de novembre<\/span><\/span><\/strong><\/p>\n<p>Lluc 7, 36-50<br \/>\nNo vull oblidar qui s\u00f3c, jo com aquesta dona pecadora m\u2019acosto a tu, al D\u00e9u d\u2019amor, esperant la teva acollida, una abra\u00e7ada que no mereixo, per\u00f2 que per la teva miseric\u00f2rdia s\u00e9 que rebre. No vull oblidar tot el que m\u2019has perdonat, perqu\u00e8 tamb\u00e9 vull ser generosa amb els altres i donar tot el que he rebut.<\/p>\n<p><strong><span style=\"text-decoration: underline;\"><span style=\"color: #0000ff; text-decoration: underline;\">Diumenge, 8 de novembre<\/span><\/span><\/strong><\/p>\n<p>Salm 81<br \/>\nSenyor i D\u00e9u meu, fins on arriba la teva paci\u00e8ncia? Quantes vegades m\u2019has parlat i no he volgut escoltar-te? Obra el meu cor a la teva paraula, obre les meves o\u00efdes al teu consell, que no oblidi tot el que has fet a la meva vida i tot el que m\u2019has ofert. Sin\u00f3 fos per la teva fidelitat jo estaria perduda.<\/p>\n","protected":false},"excerpt":{"rendered":"<p>Dilluns, 2 de novembre Jeremies 35, 1-19 Quantes vegades Senyor, com a poble teu, ens hem d\u2019avergonyir, perqu\u00e8 els qui no et coneixen compleixen amb m\u00e9s delit que nosaltres el teu desig de construir un m\u00f3n millor; no ens deixis Senyor oblidar quina \u00e9s la nostra tasca, quina \u00e9s la teva voluntat pel teu poble. [&hellip;]<\/p>\n","protected":false},"author":1,"featured_media":0,"comment_status":"open","ping_status":"open","sticky":false,"template":"","format":"standard","meta":{"_jetpack_memberships_contains_paid_content":false,"footnotes":""},"categories":[7],"tags":[],"class_list":["post-1415","post","type-post","status-publish","format-standard","hentry","category-meditacions-diaries"],"jetpack_sharing_enabled":true,"jetpack_featured_media_url":"","_links":{"self":[{"href":"https:\/\/eec.cat\/blog\/wp-json\/wp\/v2\/posts\/1415","targetHints":{"allow":["GET"]}}],"collection":[{"href":"https:\/\/eec.cat\/blog\/wp-json\/wp\/v2\/posts"}],"about":[{"href":"https:\/\/eec.cat\/blog\/wp-json\/wp\/v2\/types\/post"}],"author":[{"embeddable":true,"href":"https:\/\/eec.cat\/blog\/wp-json\/wp\/v2\/users\/1"}],"replies":[{"embeddable":true,"href":"https:\/\/eec.cat\/blog\/wp-json\/wp\/v2\/comments?post=1415"}],"version-history":[{"count":0,"href":"https:\/\/eec.cat\/blog\/wp-json\/wp\/v2\/posts\/1415\/revisions"}],"wp:attachment":[{"href":"https:\/\/eec.cat\/blog\/wp-json\/wp\/v2\/media?parent=1415"}],"wp:term":[{"taxonomy":"category","embeddable":true,"href":"https:\/\/eec.cat\/blog\/wp-json\/wp\/v2\/categories?post=1415"},{"taxonomy":"post_tag","embeddable":true,"href":"https:\/\/eec.cat\/blog\/wp-json\/wp\/v2\/tags?post=1415"}],"curies":[{"name":"wp","href":"https:\/\/api.w.org\/{rel}","templated":true}]}}