{"id":1412,"date":"2015-10-30T22:05:31","date_gmt":"2015-10-30T22:05:31","guid":{"rendered":"http:\/\/eec.cat\/blog\/?p=1412"},"modified":"2015-10-30T22:05:31","modified_gmt":"2015-10-30T22:05:31","slug":"jan-hus-sis-cents-anys","status":"publish","type":"post","link":"https:\/\/eec.cat\/blog\/jan-hus-sis-cents-anys\/","title":{"rendered":"Jan Hus, sis-cents anys"},"content":{"rendered":"<p><a href=\"http:\/\/eec.cat\/blog\/wp-content\/uploads\/2015\/10\/Jan-hus.jpg\"><img loading=\"lazy\" decoding=\"async\" class=\"aligncenter size-full wp-image-1413\" src=\"http:\/\/eec.cat\/blog\/wp-content\/uploads\/2015\/10\/Jan-hus.jpg\" alt=\"Jan hus\" width=\"671\" height=\"377\" srcset=\"https:\/\/eec.cat\/blog\/wp-content\/uploads\/2015\/10\/Jan-hus.jpg 671w, https:\/\/eec.cat\/blog\/wp-content\/uploads\/2015\/10\/Jan-hus-300x169.jpg 300w\" sizes=\"auto, (max-width: 671px) 100vw, 671px\" \/><\/a><\/p>\n<p>El passat 6 de juliol es van complir, exactament, els sis -cents anys de la mort, a la foguera, del reformador i te\u00f2leg txec Jan Hus, tamb\u00e9 conegut aqu\u00ed com a Joan Huss. Qui era Jan Hus? Quins varen ser els motius pels quals va acabar cremat com a heretge?<\/p>\n<p>Diguem, per comen\u00e7ar, que entre la vida de Hus i la de Mart\u00ed Luter hi ha certs paral\u00b7lelismes; no endebades el reformador alemany pronunci\u00e0 aquesta sent\u00e8ncia davant els seus amics quan li desaconsellaven d&#8217;anar a la Dieta de Worms que Luter comparava amb la convocat\u00f2ria de Hus a Constan\u00e7a: \u201c S\u00ed, anir\u00e9 a Worms encara que hi hagi tants diables com<br \/>\nteules en un teulat. Han pogut cremar Joan Huss per\u00f2 no han pogut cremar la veritat\u201d Aix\u00ed mateix, tamb\u00e9 \u00e9s de Luter aquesta altra afirmaci\u00f3:<br \/>\n\u201cTots som hussites encara que no ho sapiguem\u201d.<\/p>\n<p>Jan Hus nasqu\u00e9 a Boh\u00e8mia el 1369 i mor\u00ed cremat a la foguera, a Constan\u00e7a, el 1415; quan nasqu\u00e9 Luter feia, doncs, 68 anys de la mort del reformador txec. De fam\u00edlia humil, estudi\u00e0, amb ajudes, a la Universitat de Praga on s&#8217;especialitz\u00e0 en teologia i fou ordenat sacerdot el 1400, nomenat despr\u00e9s predicador pel rei de Boh\u00e8mia.<\/p>\n<p>A Hus li toc\u00e0 de viure un dels per\u00edodes m\u00e9s t\u00e8rbols de la hist\u00f2ria de l&#8217;Esgl\u00e9sia, amb el Cisma d&#8217;Occident i tota la corrupci\u00f3 i la immoralitat que regnava entre el clergat i el papat. Tamb\u00e9 va viure totes les tensions nacionals existents entre txecs i alemanys, tant a la seva Universitat com a la vida quotidiana. Aquestes dues situacions, la nacional i la d&#8217;una esgl\u00e9sia corrompuda &#8211; posicions que, per cert, tamb\u00e9 es troben en Luter- van configurar el seu pensament teol\u00f2gic. Hus, com despr\u00e9s faria Luter, va potenciar la llengua pr\u00f2pia en contra del llat\u00ed i critic\u00e0 l&#8217;Esgl\u00e9sia tant per la seva riquesa i els seus abusos com per la divisi\u00f3 produ\u00efda pel cisma.<\/p>\n<p>Seguidor, com tants altres pensadors del seu temps, de les doctrines de John Wycliff-el te\u00f2leg i reformador angl\u00e8s creador del moviment dels lollards- Hus escriu a la seva obra \u201cDe Ecclesia\u201d, que el cap de l&#8217; Esgl\u00e9sia \u00e9s Crist i no el papa i els cardenals i, a l&#8217;igual que Luter anys despr\u00e9s, demana una esgl\u00e9sia pobra i critica la venda de les indulg\u00e8ncies mentre proclama que cal desobeir l&#8217;esgl\u00e9sia davant l&#8217;evid\u00e8ncia de tants i tants eclesi\u00e0stics que viuen en pecat: el papa \u00e9s l&#8217;Anticrist, afirma. La veritable esgl\u00e9sia, segons el reformador bohemi, era invisible i estava formada pels predestinats.<br \/>\nAmb la promulgaci\u00f3 del concili de Constan\u00e7a, el 1414, per tal d&#8217;acabar amb el cisma d&#8217;Occident, Hus -amb salconduit de l&#8217;emperador- va presentar-s&#8217;hi per tal de poder defensar les seves doctrines per\u00f2 el resultat fou l&#8217;excomunicaci\u00f3 -com Luter anys despr\u00e9s- i la prohibici\u00f3 de celebrar missa i poder predicar, cosa que Hus vulnera i, per tant, acaba empresonat.<\/p>\n<p>Els fets es van accelerar. Hus es va negar a retractar-se de les seves idees i de les doctrines de Wycliff -de les quals era acusat- i fou condemnat per heretgia i lliurat al bra\u00e7 secular. Acusat de tra\u00efci\u00f3 per l&#8217;emperador, tot entremesclant-hi motivacions pol\u00edtiques, nacionals i religioses, Hus va ser condemnat a la foguera i fou cremat viu el 6 de juliol de1415.<\/p>\n<p>La seva mort aviat va ser considerada a Boh\u00e8mia com un ultratge i va desencadenar una terrible revolta -les guerres hussites- que acabaren, anys despr\u00e9s, amb una terrible repressi\u00f3.<\/p>\n<p>Com a curiositat cal dir que des del 1920, una escissi\u00f3 de l&#8217;esgl\u00e9sia cat\u00f3lica txeca du el nom del reformador bohemi com a homenatge al m\u00e0rtir i amb l&#8217;objectiu de propagar el seu ideari.<\/p>\n<p>Hem vist que hi ha paral\u00b7lelismes entre Hus i Luter. Hus pot ser considerat un precursor de la Reforma. Ambd\u00f3s personatges naixen en el marc del Sacre Imperi Romanogerm\u00e0nic i tots dos representen una reivindicaci\u00f3 nacional contra Roma -i en el cas d&#8217;Hus, contra Alemanya-, ambd\u00f3s contribueixen a l&#8217;exaltaci\u00f3 de la pr\u00f2pia llengua, ambd\u00f3s s\u00f3n universitaris, tots dos viuen una \u00e8poca dif\u00edcil de l&#8217;Esgl\u00e9sia, els dos protesten contra les indulg\u00e8ncies &#8230; i, d&#8217;altra banda, el fet dels estudiants de la Universitat de Praga cremant la butlla papal que promulga les indulg\u00e8ncies, recorda el fet de Luter cremant, anys despr\u00e9s, la butlla papal que condemnava els seus escrits. I encara \u00e9s m\u00e9s colpidora la convocat\u00f2ria de Luter a la Dieta de Worms que evoca, com hem dit, la convocat\u00f2ria de Hus a Constan\u00e7a: Hus i Luter van ser excomunicats.<\/p>\n<p>No obstant, malgrat les moltes similituds, tamb\u00e9 hi ha -cal dir-ho- difer\u00e8ncies en el pensament teol\u00f2gic dels dos reformadors. Si tant Hus com Luter insisteixen que cal reformar l&#8217;Esgl\u00e9sia i denuncien els seus mals, si ambd\u00f3s prediquen la relaci\u00f3 directa amb el Crist i l&#8217;autoritat final de les Escriptures i el paper dels laics a l&#8217;esgl\u00e9sia, Hus es troba, encara, molt lluny de la principal doctrina de la Reforma: la salvaci\u00f3 per gr\u00e0cia i per la sola fe. Hus, potser per pert\u00e0nyer a una altra \u00e8poca, no va arribar a intuir la grandesa d&#8217;aquest principi fonamental de la Reforma del segle XVI, per\u00f2 aix\u00f2 no li treu valor ni invalida el fet de ser considerat, amb tota just\u00edcia, com un pre-reformador.<\/p>\n<p>La tradici\u00f3 ens ha deixat aquesta coneguda frase atribu\u00efda a Hus abans de morir a la foguera: \u201cRostir\u00e0s una oca (hus: oca) per\u00f2 d&#8217;aqu\u00ed a un segle et trobar\u00e0s amb un cigne que no podr\u00e0s rostir\u201d<\/p>\n<p>Si Hus era l&#8217;oca, Luter -qui 102 anys despr\u00e9s clavava les seves famoses 95 tesis a Wittenberg- seria, simb\u00f2licament, el cigne?<\/p>\n<p>Sembla que els seguidors de Luter aix\u00ed ho interpretaren.<\/p>\n<p><strong>J. Llu\u00eds Pa\u00fcl<\/strong><\/p>\n","protected":false},"excerpt":{"rendered":"<p>El passat 6 de juliol es van complir, exactament, els sis -cents anys de la mort, a la foguera, del reformador i te\u00f2leg txec Jan Hus, tamb\u00e9 conegut aqu\u00ed com a Joan Huss. Qui era Jan Hus? Quins varen ser els motius pels quals va acabar cremat com a heretge? Diguem, per comen\u00e7ar, que entre [&hellip;]<\/p>\n","protected":false},"author":1,"featured_media":0,"comment_status":"open","ping_status":"open","sticky":false,"template":"","format":"standard","meta":{"_jetpack_memberships_contains_paid_content":false,"footnotes":""},"categories":[6],"tags":[],"class_list":["post-1412","post","type-post","status-publish","format-standard","hentry","category-reflexions"],"jetpack_sharing_enabled":true,"jetpack_featured_media_url":"","_links":{"self":[{"href":"https:\/\/eec.cat\/blog\/wp-json\/wp\/v2\/posts\/1412","targetHints":{"allow":["GET"]}}],"collection":[{"href":"https:\/\/eec.cat\/blog\/wp-json\/wp\/v2\/posts"}],"about":[{"href":"https:\/\/eec.cat\/blog\/wp-json\/wp\/v2\/types\/post"}],"author":[{"embeddable":true,"href":"https:\/\/eec.cat\/blog\/wp-json\/wp\/v2\/users\/1"}],"replies":[{"embeddable":true,"href":"https:\/\/eec.cat\/blog\/wp-json\/wp\/v2\/comments?post=1412"}],"version-history":[{"count":0,"href":"https:\/\/eec.cat\/blog\/wp-json\/wp\/v2\/posts\/1412\/revisions"}],"wp:attachment":[{"href":"https:\/\/eec.cat\/blog\/wp-json\/wp\/v2\/media?parent=1412"}],"wp:term":[{"taxonomy":"category","embeddable":true,"href":"https:\/\/eec.cat\/blog\/wp-json\/wp\/v2\/categories?post=1412"},{"taxonomy":"post_tag","embeddable":true,"href":"https:\/\/eec.cat\/blog\/wp-json\/wp\/v2\/tags?post=1412"}],"curies":[{"name":"wp","href":"https:\/\/api.w.org\/{rel}","templated":true}]}}