{"id":1400,"date":"2015-10-25T20:27:40","date_gmt":"2015-10-25T20:27:40","guid":{"rendered":"http:\/\/eec.cat\/blog\/?p=1400"},"modified":"2015-10-25T20:28:04","modified_gmt":"2015-10-25T20:28:04","slug":"dia-a-dia-26-doctubre-1-de-novembre-2015","status":"publish","type":"post","link":"https:\/\/eec.cat\/blog\/dia-a-dia-26-doctubre-1-de-novembre-2015\/","title":{"rendered":"Dia a Dia. 26 d\u00b4octubre &#8211; 1 de novembre 2015"},"content":{"rendered":"<p><strong><span style=\"text-decoration: underline;\"><span style=\"color: #0000ff; text-decoration: underline;\"><a href=\"http:\/\/eec.cat\/blog\/wp-content\/uploads\/2015\/10\/bosque.jpg\"><img loading=\"lazy\" decoding=\"async\" class=\"alignleft size-thumbnail wp-image-1402\" src=\"http:\/\/eec.cat\/blog\/wp-content\/uploads\/2015\/10\/bosque-150x150.jpg\" alt=\"bosque\" width=\"150\" height=\"150\" \/><\/a>Dilluns, 26 d\u2019octubre<\/span><\/span><\/strong><\/p>\n<p>2 Reis 23, 4-25<br \/>\nQue la teva paraula transformi la meva vida, no permetis que escolti sense canviar, que sentir per\u00f2 que no reaccioni. Senyor, que sigui coherent amb all\u00f2 que m\u2019ensenyes, que trontollin les meves errades i les reconstrueixi en la teva voluntat. Gr\u00e0cies D\u00e9u meu perqu\u00e8 no oblides la teva serventa. Mostra\u2019m els teus camins.<\/p>\n<p><strong><span style=\"text-decoration: underline;\"><span style=\"color: #0000ff; text-decoration: underline;\">Dimarts, 27 d\u2019octubre<\/span><\/span><\/strong><\/p>\n<p>1 Corintis 12, 1-11<br \/>\nLa multiformitat de la teva gr\u00e0cia \u00e9s meravellosa, miro al meu voltant i veig els teus dons escampats per totes les meves germanes i els meu germans. Gr\u00e0cies, Senyor, per la magnifica multitud de varietat amb la que ens has bene\u00eft; fes-me sempre veure el teu rostre ens aquells que m\u2019envolten, la teva m\u00e0 en les que s\u00f3n la meva companyia.<\/p>\n<p><strong><span style=\"text-decoration: underline;\"><span style=\"color: #0000ff; text-decoration: underline;\">Dimecres, 28 d\u2019octubre<\/span><\/span><\/strong><\/p>\n<p>Mateu 9, 18-26<br \/>\nSiguin homes importants, o dones abandonades; siguin grans personatges, o petites dones sense nom, el teu amor vol arribar a tothom. Vull fer cr\u00e9ixer la meva fe, perqu\u00e8 pugui confiar a tu tota la meva vida, vull caminar sense por, en mig d\u2019un m\u00f3n que pateix i \u00e9s ple de problemes. En tu vull reposar, per ser guarida.<\/p>\n<p><strong><span style=\"text-decoration: underline;\"><span style=\"color: #0000ff; text-decoration: underline;\">Dijous, 29 d\u2019octubre<\/span><\/span><\/strong><\/p>\n<p>2 Reis 23, 36 \u2013 24, 17<br \/>\nQuantes vegades ignorem els teus advertiments? Quantes vegades veiem el mal en el que vivim i no fem res per canviar-lo? Senyor, que la teva paraula no quedi buida a les nostres vides, que el teu consell no caigui en l\u2019oblit. No permetis que visquem d\u2019esquenes a tu, pensant que la nostra pr\u00f2pia ra\u00f3 ens mantindr\u00e0 fora de perill.<\/p>\n<p><strong><span style=\"text-decoration: underline;\"><span style=\"color: #0000ff; text-decoration: underline;\">Divendres, 30 d\u2019octubre<\/span><\/span><\/strong><\/p>\n<p>1 Corintis 12, 12-26<br \/>\nS\u00ed, som diferents; tu i jo no ens semblem, tu i jo som com oli i aigua, com el blanc o el negre; per\u00f2, a la fi, no s\u00f3n les nostres similituds les que ens fan germans, ni les nostres avinences les que ens fan fam\u00edlia, \u00e9s el Senyor que compartim, \u00e9s ell qui ens uneix, m\u00e9s enll\u00e0 de tot el que ens separa. D\u00e9u meu, que no oblidi mai que, per diferents que siguem, tu ens has fet a totes i tots el teu poble.<\/p>\n<p><strong><span style=\"text-decoration: underline;\"><span style=\"color: #0000ff; text-decoration: underline;\">Dissabte, 31 d\u2019octubre<\/span><\/span><\/strong><\/p>\n<p>Mateu 9, 27-34<br \/>\nM\u2019agradaria obrir els ulls a la teva salvaci\u00f3, proclamar amb la meva boca tot el que has fet per mi; que no calli ni acluqui els ulls, que vegi la teva m\u00e0 en la meva vida i les meves paraules proclamin el teu amor. Gr\u00e0cies Senyor per tot el que em d\u00f3nes, cuida\u2019m i instrueix-me cada dia.<\/p>\n<p><strong><span style=\"text-decoration: underline;\"><span style=\"color: #0000ff; text-decoration: underline;\">Diumenge, 1 de novembre<\/span><\/span><\/strong><\/p>\n<p>Salm 142<br \/>\nA qui puc acudir sin\u00f3 \u00e9s a tu D\u00e9u meu? En qui puc descarregar la meva \u00e0nima. Solament tu pots salvar-me del perill, solament tu pots ser el meu escut. Qu\u00e8 no oblidi mai que \u00e9s la teva m\u00e0 la que em sost\u00e9, que ets tu qui em guarda del perill. Gr\u00e0cies per la teva fidelitat, Senyor; gr\u00e0cies perqu\u00e8 puc confiar en que vindr\u00e0s a rescatar-me.<\/p>\n","protected":false},"excerpt":{"rendered":"<p>Dilluns, 26 d\u2019octubre 2 Reis 23, 4-25 Que la teva paraula transformi la meva vida, no permetis que escolti sense canviar, que sentir per\u00f2 que no reaccioni. Senyor, que sigui coherent amb all\u00f2 que m\u2019ensenyes, que trontollin les meves errades i les reconstrueixi en la teva voluntat. Gr\u00e0cies D\u00e9u meu perqu\u00e8 no oblides la teva [&hellip;]<\/p>\n","protected":false},"author":1,"featured_media":0,"comment_status":"open","ping_status":"open","sticky":false,"template":"","format":"standard","meta":{"_jetpack_memberships_contains_paid_content":false,"footnotes":""},"categories":[1],"tags":[],"class_list":["post-1400","post","type-post","status-publish","format-standard","hentry","category-general"],"jetpack_sharing_enabled":true,"jetpack_featured_media_url":"","_links":{"self":[{"href":"https:\/\/eec.cat\/blog\/wp-json\/wp\/v2\/posts\/1400","targetHints":{"allow":["GET"]}}],"collection":[{"href":"https:\/\/eec.cat\/blog\/wp-json\/wp\/v2\/posts"}],"about":[{"href":"https:\/\/eec.cat\/blog\/wp-json\/wp\/v2\/types\/post"}],"author":[{"embeddable":true,"href":"https:\/\/eec.cat\/blog\/wp-json\/wp\/v2\/users\/1"}],"replies":[{"embeddable":true,"href":"https:\/\/eec.cat\/blog\/wp-json\/wp\/v2\/comments?post=1400"}],"version-history":[{"count":0,"href":"https:\/\/eec.cat\/blog\/wp-json\/wp\/v2\/posts\/1400\/revisions"}],"wp:attachment":[{"href":"https:\/\/eec.cat\/blog\/wp-json\/wp\/v2\/media?parent=1400"}],"wp:term":[{"taxonomy":"category","embeddable":true,"href":"https:\/\/eec.cat\/blog\/wp-json\/wp\/v2\/categories?post=1400"},{"taxonomy":"post_tag","embeddable":true,"href":"https:\/\/eec.cat\/blog\/wp-json\/wp\/v2\/tags?post=1400"}],"curies":[{"name":"wp","href":"https:\/\/api.w.org\/{rel}","templated":true}]}}