{"id":1392,"date":"2015-10-19T20:29:53","date_gmt":"2015-10-19T20:29:53","guid":{"rendered":"http:\/\/eec.cat\/blog\/?p=1392"},"modified":"2015-10-19T21:06:17","modified_gmt":"2015-10-19T21:06:17","slug":"correr-per-a-salvar-la-llar-del-far-a-bolivia","status":"publish","type":"post","link":"https:\/\/eec.cat\/blog\/correr-per-a-salvar-la-llar-del-far-a-bolivia\/","title":{"rendered":"C\u00f3rrer per a salvar la Llar del Far a Bol\u00edvia!"},"content":{"rendered":"<p>Des del Far, Servei Social Protestant, entitat que forma parte de l\u00b4obra social de l\u00b4EEC, hem rebut apuesta informaci\u00f3n sobre la Llar d\u00b4infants a Bolivia. El lema \u00e9s molt clar!!<\/p>\n<p>Si vols col.laborar \u00e9s molt f\u00e0cil, nom\u00e9s cal clicar <a href=\"http:\/\/www.migranodearena.org\/es\/reto\/7889\/corre-per-a-salvar-la-llar-del-far-a-bolivia\/\" target=\"_blank\">aqu\u00ed<\/a>:<\/p>\n<p><a href=\"http:\/\/eec.cat\/blog\/wp-content\/uploads\/2015\/10\/grano-arena-1.jpg\"><img loading=\"lazy\" decoding=\"async\" class=\"aligncenter size-full wp-image-1393\" src=\"http:\/\/eec.cat\/blog\/wp-content\/uploads\/2015\/10\/grano-arena-1.jpg\" alt=\"grano arena 1\" width=\"557\" height=\"789\" srcset=\"https:\/\/eec.cat\/blog\/wp-content\/uploads\/2015\/10\/grano-arena-1.jpg 557w, https:\/\/eec.cat\/blog\/wp-content\/uploads\/2015\/10\/grano-arena-1-212x300.jpg 212w\" sizes=\"auto, (max-width: 557px) 100vw, 557px\" \/><\/a><\/p>\n<p><a href=\"http:\/\/eec.cat\/blog\/wp-content\/uploads\/2015\/10\/grano-arena-2.jpg\"><img loading=\"lazy\" decoding=\"async\" class=\"aligncenter size-full wp-image-1394\" src=\"http:\/\/eec.cat\/blog\/wp-content\/uploads\/2015\/10\/grano-arena-2.jpg\" alt=\"grano arena 2\" width=\"533\" height=\"786\" srcset=\"https:\/\/eec.cat\/blog\/wp-content\/uploads\/2015\/10\/grano-arena-2.jpg 533w, https:\/\/eec.cat\/blog\/wp-content\/uploads\/2015\/10\/grano-arena-2-203x300.jpg 203w\" sizes=\"auto, (max-width: 533px) 100vw, 533px\" \/><\/a><\/p>\n<p><a href=\"http:\/\/eec.cat\/blog\/wp-content\/uploads\/2015\/10\/grano-arena-3.jpg\"><img loading=\"lazy\" decoding=\"async\" class=\"aligncenter size-full wp-image-1395\" src=\"http:\/\/eec.cat\/blog\/wp-content\/uploads\/2015\/10\/grano-arena-3.jpg\" alt=\"grano arena 3\" width=\"544\" height=\"510\" srcset=\"https:\/\/eec.cat\/blog\/wp-content\/uploads\/2015\/10\/grano-arena-3.jpg 544w, https:\/\/eec.cat\/blog\/wp-content\/uploads\/2015\/10\/grano-arena-3-300x281.jpg 300w\" sizes=\"auto, (max-width: 544px) 100vw, 544px\" \/><\/a><\/p>\n<p>&nbsp;<\/p>\n","protected":false},"excerpt":{"rendered":"<p>Des del Far, Servei Social Protestant, entitat que forma parte de l\u00b4obra social de l\u00b4EEC, hem rebut apuesta informaci\u00f3n sobre la Llar d\u00b4infants a Bolivia. El lema \u00e9s molt clar!! Si vols col.laborar \u00e9s molt f\u00e0cil, nom\u00e9s cal clicar aqu\u00ed: &nbsp;<\/p>\n","protected":false},"author":1,"featured_media":0,"comment_status":"open","ping_status":"open","sticky":false,"template":"","format":"standard","meta":{"_jetpack_memberships_contains_paid_content":false,"footnotes":""},"categories":[4],"tags":[],"class_list":["post-1392","post","type-post","status-publish","format-standard","hentry","category-noticies"],"jetpack_sharing_enabled":true,"jetpack_featured_media_url":"","_links":{"self":[{"href":"https:\/\/eec.cat\/blog\/wp-json\/wp\/v2\/posts\/1392","targetHints":{"allow":["GET"]}}],"collection":[{"href":"https:\/\/eec.cat\/blog\/wp-json\/wp\/v2\/posts"}],"about":[{"href":"https:\/\/eec.cat\/blog\/wp-json\/wp\/v2\/types\/post"}],"author":[{"embeddable":true,"href":"https:\/\/eec.cat\/blog\/wp-json\/wp\/v2\/users\/1"}],"replies":[{"embeddable":true,"href":"https:\/\/eec.cat\/blog\/wp-json\/wp\/v2\/comments?post=1392"}],"version-history":[{"count":0,"href":"https:\/\/eec.cat\/blog\/wp-json\/wp\/v2\/posts\/1392\/revisions"}],"wp:attachment":[{"href":"https:\/\/eec.cat\/blog\/wp-json\/wp\/v2\/media?parent=1392"}],"wp:term":[{"taxonomy":"category","embeddable":true,"href":"https:\/\/eec.cat\/blog\/wp-json\/wp\/v2\/categories?post=1392"},{"taxonomy":"post_tag","embeddable":true,"href":"https:\/\/eec.cat\/blog\/wp-json\/wp\/v2\/tags?post=1392"}],"curies":[{"name":"wp","href":"https:\/\/api.w.org\/{rel}","templated":true}]}}