{"id":1388,"date":"2015-10-18T21:44:29","date_gmt":"2015-10-18T21:44:29","guid":{"rendered":"http:\/\/eec.cat\/blog\/?p=1388"},"modified":"2015-10-18T21:45:24","modified_gmt":"2015-10-18T21:45:24","slug":"dia-a-dia-19-doctubre-25-doctubre-2015","status":"publish","type":"post","link":"https:\/\/eec.cat\/blog\/dia-a-dia-19-doctubre-25-doctubre-2015\/","title":{"rendered":"Dia a Dia. 19 d\u00b4octubre &#8211; 25 d\u00b4octubre 2015"},"content":{"rendered":"<p><strong><span style=\"text-decoration: underline;\"><span style=\"color: #0000ff; text-decoration: underline;\"><a href=\"http:\/\/eec.cat\/blog\/wp-content\/uploads\/2015\/10\/pesca.jpg\"><img loading=\"lazy\" decoding=\"async\" class=\"alignleft size-thumbnail wp-image-1389\" src=\"http:\/\/eec.cat\/blog\/wp-content\/uploads\/2015\/10\/pesca-150x150.jpg\" alt=\"pesca\" width=\"150\" height=\"150\" \/><\/a>Dilluns, 19 d\u2019octubre<\/span><\/span><\/strong><\/p>\n<p>2 Reis 22, 1-13<br \/>\nSenyor i D\u00e9u meu, gr\u00e0cies perqu\u00e8 realment la teva paraula sempre ens acaba trobant; perdona\u2019m si en algun moment m\u2019he oblidat d\u2019ella, si l\u2019he abandonat a un rac\u00f3 i no m\u2019he tornat a recordar. Qu\u00e8 la teva veu sigui inspiraci\u00f3 per el teu poble, que ens faci adonar-nos d\u2019all\u00f2 que hem de canviar i ompli les nostres vides de la teva benedicci\u00f3.<\/p>\n<p><strong><span style=\"text-decoration: underline;\"><span style=\"color: #0000ff; text-decoration: underline;\">Dimarts, 20 d\u2019octubre<\/span><\/span><\/strong><\/p>\n<p>1 Corintis 11, 17-22<br \/>\nAi, D\u00e9u meu! Fes-me generosa amb els que passen necessitat, que no oblidi als meus germans que tenen gana, a les meves germanes que no arriben a fi de mes. Senyor, que la comuni\u00f3 que manifestem a la teva taula sigui una realitat en la nostra fraternitat. Senyor, perdona\u2019m perqu\u00e8 en mig del teu poble hi ha pobres.<\/p>\n<p><strong><span style=\"text-decoration: underline;\"><span style=\"color: #0000ff; text-decoration: underline;\">Dimecres, 21 d\u2019octubre<\/span><\/span><\/strong><\/p>\n<p>Mateu 9, 1-8<br \/>\nAixeca\u2019m de la meva cadira, Senyor; d\u00f3na\u2019m forces per tornar a caminar. Que el teu perd\u00f3 ompli la meva vida de tal manera que no pugui aturar-me en la proclamaci\u00f3 del teu regne. Vull viure el teu perd\u00f3, caminar en els teus camins, compartir la salvaci\u00f3 que m\u2019has ofert.<\/p>\n<p><strong><span style=\"text-decoration: underline;\"><span style=\"color: #0000ff; text-decoration: underline;\">Dijous, 22 d\u2019octubre<\/span><\/span><\/strong><\/p>\n<p>2 Reis 22, 14 \u2013 23, 3<br \/>\nQuants \u00eddols poso davant el meu D\u00e9u? Quantes coses s\u00f3n per a mi m\u00e9s importants que ell? Senyor, fes-me veure els meus camins, fes-me escoltar la teva paraula, perqu\u00e8 pugui veure els meus errors, perqu\u00e8 tingui valor a rectificar-los. Senyor, que l\u2019assemblea del teu poble escolti la teva veu per a transformar-nos i seguir els teus camins.<\/p>\n<p><strong><span style=\"text-decoration: underline;\"><span style=\"color: #0000ff; text-decoration: underline;\">Divendres, 23 d\u2019octubre<\/span><\/span><\/strong><\/p>\n<p>1 Corintis 11, 23-34<br \/>\nFes-me Senyor digne de la comuni\u00f3 que m\u2019has ofert, que el perd\u00f3 i la miseric\u00f2rdia que he rebut de tu sigui el que jo comparteixi amb els altres. Qu\u00e8 mai oblidi que la manifestaci\u00f3 p\u00fablica de la teva taula no solament m\u2019uneix a tu, sin\u00f3 que tamb\u00e9 ho fa amb tota la humanitat que hi est\u00e0 convidada. Gr\u00e0cies D\u00e9u per el teu amor, vesa\u2019l sobre mi i fes-me\u2019l compartir.<\/p>\n<p><strong><span style=\"text-decoration: underline;\"><span style=\"color: #0000ff; text-decoration: underline;\">Dissabte, 24 d\u2019octubre<\/span><\/span><\/strong><\/p>\n<p>Mateu 9, 9-17<br \/>\nEn Jes\u00fas s\u2019inaugur\u00e0 un nou temps, on les coses velles han passat, per\u00f2 jo segueixo sent humanitat, humanitat que s\u2019equivoca, que fa coses malament; Senyor, jo tamb\u00e9 necessito ser guarida de les meves errades i les meves raons. No permetis que pensi que s\u00f3c m\u00e9s justa que els altres, fes-me veure la meva condici\u00f3 i comparteix amb mi la taula.<\/p>\n<p><strong><span style=\"text-decoration: underline;\"><span style=\"color: #0000ff; text-decoration: underline;\">Diumenge, 25 d\u2019octubre<\/span><\/span><\/strong><\/p>\n<p>Salm 1<br \/>\nD\u00f3na\u2019m seny, Senyor meu, perqu\u00e8 davant les opcions que la vida m\u2019ofereix s\u00e0piga sempre escollir el cam\u00ed correcte. Que les meves o\u00efdes estiguin obertes al teu consell i no a la fal\u00b7l\u00e0cia d\u2019un m\u00f3n que defensa l\u2019egoisme. Que les meves passes segueixen la teva just\u00edcia i la meva vida doni fruit.<\/p>\n","protected":false},"excerpt":{"rendered":"<p>Dilluns, 19 d\u2019octubre 2 Reis 22, 1-13 Senyor i D\u00e9u meu, gr\u00e0cies perqu\u00e8 realment la teva paraula sempre ens acaba trobant; perdona\u2019m si en algun moment m\u2019he oblidat d\u2019ella, si l\u2019he abandonat a un rac\u00f3 i no m\u2019he tornat a recordar. Qu\u00e8 la teva veu sigui inspiraci\u00f3 per el teu poble, que ens faci adonar-nos [&hellip;]<\/p>\n","protected":false},"author":1,"featured_media":0,"comment_status":"open","ping_status":"open","sticky":false,"template":"","format":"standard","meta":{"_jetpack_memberships_contains_paid_content":false,"footnotes":""},"categories":[7],"tags":[],"class_list":["post-1388","post","type-post","status-publish","format-standard","hentry","category-meditacions-diaries"],"jetpack_sharing_enabled":true,"jetpack_featured_media_url":"","_links":{"self":[{"href":"https:\/\/eec.cat\/blog\/wp-json\/wp\/v2\/posts\/1388","targetHints":{"allow":["GET"]}}],"collection":[{"href":"https:\/\/eec.cat\/blog\/wp-json\/wp\/v2\/posts"}],"about":[{"href":"https:\/\/eec.cat\/blog\/wp-json\/wp\/v2\/types\/post"}],"author":[{"embeddable":true,"href":"https:\/\/eec.cat\/blog\/wp-json\/wp\/v2\/users\/1"}],"replies":[{"embeddable":true,"href":"https:\/\/eec.cat\/blog\/wp-json\/wp\/v2\/comments?post=1388"}],"version-history":[{"count":0,"href":"https:\/\/eec.cat\/blog\/wp-json\/wp\/v2\/posts\/1388\/revisions"}],"wp:attachment":[{"href":"https:\/\/eec.cat\/blog\/wp-json\/wp\/v2\/media?parent=1388"}],"wp:term":[{"taxonomy":"category","embeddable":true,"href":"https:\/\/eec.cat\/blog\/wp-json\/wp\/v2\/categories?post=1388"},{"taxonomy":"post_tag","embeddable":true,"href":"https:\/\/eec.cat\/blog\/wp-json\/wp\/v2\/tags?post=1388"}],"curies":[{"name":"wp","href":"https:\/\/api.w.org\/{rel}","templated":true}]}}