{"id":1378,"date":"2015-10-11T20:15:09","date_gmt":"2015-10-11T20:15:09","guid":{"rendered":"http:\/\/eec.cat\/blog\/?p=1378"},"modified":"2015-10-11T20:15:30","modified_gmt":"2015-10-11T20:15:30","slug":"dia-a-dia-12-doctubre-18-doctubre-2015","status":"publish","type":"post","link":"https:\/\/eec.cat\/blog\/dia-a-dia-12-doctubre-18-doctubre-2015\/","title":{"rendered":"Dia a Dia. 12 d\u00b4octubre &#8211; 18 d\u00b4octubre 2015"},"content":{"rendered":"<p><strong><span style=\"text-decoration: underline;\"><span style=\"color: #0000ff; text-decoration: underline;\"><a href=\"http:\/\/eec.cat\/blog\/wp-content\/uploads\/2015\/10\/reflejos.jpg\"><img loading=\"lazy\" decoding=\"async\" class=\"alignleft size-thumbnail wp-image-1379\" src=\"http:\/\/eec.cat\/blog\/wp-content\/uploads\/2015\/10\/reflejos-150x150.jpg\" alt=\"reflejos\" width=\"150\" height=\"150\" \/><\/a>Dilluns, 12 d\u2019octubre<\/span><\/span><\/strong><\/p>\n<p>2 Reis 20, 1-11<br \/>\nEts un D\u00e9u compassiu, m\u00e9s enll\u00e0 dels nostres errors i les nostres faltes pots seguir mirant-nos amb amor. En el teu cor pesen m\u00e9s les ll\u00e0grimes que els insults, a les teves mans ens guardes, com si f\u00f3ssim tresors d\u2019or i no gerres de fang. Gr\u00e0cies Senyor per el teu perd\u00f3, que sempre arriba a temps. En la teva miseric\u00f2rdia vull confiar, vesa sobre mi la teva salvaci\u00f3.<\/p>\n<p><strong><span style=\"text-decoration: underline;\"><span style=\"color: #0000ff; text-decoration: underline;\">Dimarts, 13 d\u2019octubre<\/span><\/span><\/strong><\/p>\n<p>Fets 12, 1-17<br \/>\nQuantes vegades la teva salvaci\u00f3 ens sembla un miratge? Quantes vegades no has estat el meu costat i ni tant sols m\u2019he adonat? Gr\u00e0cies Senyor perqu\u00e8 tu vens en l\u2019hora propicia, gr\u00e0cies perqu\u00e8 en tu podem confiar les nostres vides, i el dest\u00ed que vingui el podrem assumir. Obre els meus ulls per veure cada una de les cosa que fas per mi i per els que m\u2019envolten, no permetis que no pugui veure la teva salvaci\u00f3.<\/p>\n<p><strong><span style=\"text-decoration: underline;\"><span style=\"color: #0000ff; text-decoration: underline;\">Dimecres, 14 d\u2019octubre<\/span><\/span><\/strong><\/p>\n<p>Lluc 7, 11-17<br \/>\nLa compassi\u00f3 \u00e9s un do meravell\u00f3s, que fa posar-nos en el patiment de l\u2019altre, com si aquest fos nostre; la compassi\u00f3 fou el motor del moviment de Jes\u00fas, que veia no solament el dolor sin\u00f3 la necessitat. Senyor, fes-me compassiva, que pugui sentir amb l\u2019altre, que pugui fer meus els seus dolors. No permetis que camini preocupant-me solament de mi.<\/p>\n<p><strong><span style=\"text-decoration: underline;\"><span style=\"color: #0000ff; text-decoration: underline;\">Dijous, 15 d\u2019octubre<\/span><\/span><\/strong><\/p>\n<p>2 Reis 21, 1-18<br \/>\nQuantes vegades callem davant la injust\u00edcia que ens envolta? Quantes vegades Senyor he pensat, jo no hi puc fer res. No permetis D\u00e9u meu que em siguin indiferents els errors i les faltes, no permetis que miri cap un altre banda i em digui: a mi no em competeix. Obre els meus ulls a la teva just\u00edcia i fes-me aixecar la veu davant el mal.<\/p>\n<p><strong><span style=\"text-decoration: underline;\"><span style=\"color: #0000ff; text-decoration: underline;\">Divendres, 16 d\u2019octubre<\/span><\/span><\/strong><\/p>\n<p>1 Corintis 10, 14 \u2013 11, 1<br \/>\nNo vull que la meva llibertat faci mal a un altre, no vull que el meu dret s\u2019imposi sobre els que totes i tots tenim; D\u00e9u meu, vull estimar sincerament i viure amb pau amb els que m\u2019envolten, vull comprendre al que pensa diferent i no jutjar sin\u00f3 aprendre a conviure. Fes que miri al m\u00f3n amb els teus ulls i que el teu amor sigui all\u00f2 que em mou.<\/p>\n<p><strong><span style=\"text-decoration: underline;\"><span style=\"color: #0000ff; text-decoration: underline;\">Dissabte, 17 d\u2019octubre<\/span><\/span><\/strong><\/p>\n<p>Mateu 8, 28-34<br \/>\nSenyor, m\u2019agradaria treballar per la llibertat dels que es veuen esclavitzats, per\u00f2 de vegades fa por enfrontar-se a forces que s\u00f3n m\u00e9s poderoses que jo. La sola pres\u00e8ncia de Jes\u00fas manifestava un b\u00e9 pel que els dolents es sentien amena\u00e7ats, i vull que aquest sigui el meu cam\u00ed, el del teu Fill que allibera.<\/p>\n<p><strong><span style=\"text-decoration: underline;\"><span style=\"color: #0000ff; text-decoration: underline;\">Diumenge, 18 d\u2019octubre<\/span><\/span><\/strong><\/p>\n<p>Salm 82<br \/>\nVoldria que la just\u00edcia regnes en aquest m\u00f3n, que els oprimits, els pobres i els desvalguts tinguessin qui els defenses; per\u00f2 mentre crido pel teu judici haig de preguntar-me qu\u00e8 faig jo. Senyor que la causa dels que pateixen no em deixi indiferent, fes-me veure com he de treballar per un m\u00f3n que plora.<\/p>\n","protected":false},"excerpt":{"rendered":"<p>Dilluns, 12 d\u2019octubre 2 Reis 20, 1-11 Ets un D\u00e9u compassiu, m\u00e9s enll\u00e0 dels nostres errors i les nostres faltes pots seguir mirant-nos amb amor. En el teu cor pesen m\u00e9s les ll\u00e0grimes que els insults, a les teves mans ens guardes, com si f\u00f3ssim tresors d\u2019or i no gerres de fang. Gr\u00e0cies Senyor per [&hellip;]<\/p>\n","protected":false},"author":1,"featured_media":0,"comment_status":"open","ping_status":"open","sticky":false,"template":"","format":"standard","meta":{"_jetpack_memberships_contains_paid_content":false,"footnotes":""},"categories":[7],"tags":[],"class_list":["post-1378","post","type-post","status-publish","format-standard","hentry","category-meditacions-diaries"],"jetpack_sharing_enabled":true,"jetpack_featured_media_url":"","_links":{"self":[{"href":"https:\/\/eec.cat\/blog\/wp-json\/wp\/v2\/posts\/1378","targetHints":{"allow":["GET"]}}],"collection":[{"href":"https:\/\/eec.cat\/blog\/wp-json\/wp\/v2\/posts"}],"about":[{"href":"https:\/\/eec.cat\/blog\/wp-json\/wp\/v2\/types\/post"}],"author":[{"embeddable":true,"href":"https:\/\/eec.cat\/blog\/wp-json\/wp\/v2\/users\/1"}],"replies":[{"embeddable":true,"href":"https:\/\/eec.cat\/blog\/wp-json\/wp\/v2\/comments?post=1378"}],"version-history":[{"count":0,"href":"https:\/\/eec.cat\/blog\/wp-json\/wp\/v2\/posts\/1378\/revisions"}],"wp:attachment":[{"href":"https:\/\/eec.cat\/blog\/wp-json\/wp\/v2\/media?parent=1378"}],"wp:term":[{"taxonomy":"category","embeddable":true,"href":"https:\/\/eec.cat\/blog\/wp-json\/wp\/v2\/categories?post=1378"},{"taxonomy":"post_tag","embeddable":true,"href":"https:\/\/eec.cat\/blog\/wp-json\/wp\/v2\/tags?post=1378"}],"curies":[{"name":"wp","href":"https:\/\/api.w.org\/{rel}","templated":true}]}}