{"id":1375,"date":"2015-10-04T20:54:47","date_gmt":"2015-10-04T20:54:47","guid":{"rendered":"http:\/\/eec.cat\/blog\/?p=1375"},"modified":"2015-10-04T20:55:10","modified_gmt":"2015-10-04T20:55:10","slug":"dia-a-dia-5-doctubre-11-doctubre-2015","status":"publish","type":"post","link":"https:\/\/eec.cat\/blog\/dia-a-dia-5-doctubre-11-doctubre-2015\/","title":{"rendered":"Dia a Dia. 5 d\u00b4octubre &#8211; 11 d\u00b4octubre 2015"},"content":{"rendered":"<p><strong><span style=\"text-decoration: underline;\"><span style=\"color: #0000ff; text-decoration: underline;\"><a href=\"http:\/\/eec.cat\/blog\/wp-content\/uploads\/2014\/10\/vela_eec.jpg\"><img loading=\"lazy\" decoding=\"async\" class=\"alignleft size-thumbnail wp-image-825\" src=\"http:\/\/eec.cat\/blog\/wp-content\/uploads\/2014\/10\/vela_eec-150x150.jpg\" alt=\"Esgl\u00e9sia Evang\u00e8lica de Catalunya\" width=\"150\" height=\"150\" \/><\/a>Dilluns, 5 d\u2019octubre<\/span><\/span><\/strong><\/p>\n<p>2 Reis 19, 1-19<br \/>\nQuan el perill s\u2019acosta, quan sembla que no hi ha sortida, tothom busca una salvaci\u00f3, en qu\u00e8 confiar\u00e9? En qui confiar\u00e9? No hi ha res en aquest m\u00f3n que sigui tan fiable com el me D\u00e9u, no hi ha res m\u00e9s que ell, creador i llibertador, Pare amant i D\u00e9u bondad\u00f3s. No em deixis trontollar en el moment de la por, no permetis que confi\u00ef en cap \u00eddol, fes-me estar ferma en tu.<\/p>\n<p><strong><span style=\"text-decoration: underline;\"><span style=\"color: #0000ff; text-decoration: underline;\">Dimarts, 6 d\u2019octubre<\/span><\/span><\/strong><\/p>\n<p>1 Corintis 9, 16-27<br \/>\nDe vegades c\u00f3rrer i tornar a c\u00f3rrer cansa, en ocasions caminar sempre endavant \u00e9s esgotador i voldria parar-me, voldria reposar i oblidar el que haig de fer. No ho permetis D\u00e9u meu, que no oblidi mai viure el teu evangeli, per proclamar en tot el dic i faig la teva salvaci\u00f3. D\u00f3na\u2019m forces i un esperit alegre per seguir endavant.<\/p>\n<p><strong><span style=\"text-decoration: underline;\"><span style=\"color: #0000ff; text-decoration: underline;\">Dimecres, 7 d\u2019octubre<\/span><\/span><\/strong><\/p>\n<p>Mateu 8, 1-17<br \/>\nVoldria viure amb el fe el patiment i el dolor, voldria superar les preocupacions i la malaltia des de la confian\u00e7a de que D\u00e9u \u00e9s amb mi; no sempre \u00e9s f\u00e0cil esperar, per aix\u00f2 vull mirar al Fill de D\u00e9u, vull mirar Jes\u00fas i seguir les seves passes. D\u00e9u meu, que el dolor de l\u2019altre no em passi desapercebut, fes-me solidaria i amable amb els altres com tu ho has fet amb mi.<\/p>\n<p><strong><span style=\"text-decoration: underline;\"><span style=\"color: #0000ff; text-decoration: underline;\">Dijous, 8 d\u2019octubre<\/span><\/span><\/strong><\/p>\n<p>2 Reis 19, 20-28<br \/>\nSenyor i D\u00e9u meu, que la sup\u00e8rbia no m\u2019ennuvoli el cervell, que la meva ra\u00f3 no permeti que dubti mai de tu; moltes vegades no entenc el per qu\u00e8 de les coses, per qu\u00e8 succeeix tant de dolor al meu voltant, per qu\u00e8 tant de patir i tants plors; Senyor, fes cr\u00e9ixer la meva fe en mig de les dificultats, fes que la confian\u00e7a que et tinc sigui m\u00e9s forta com m\u00e9s violenta sigui la tempesta. Tu em coneixes no permetis que caigui.<\/p>\n<p><strong><span style=\"text-decoration: underline;\"><span style=\"color: #0000ff; text-decoration: underline;\">Divendres, 9 d\u2019octubre<\/span><\/span><\/strong><\/p>\n<p>1 Corintis 10, 1-13<br \/>\nL\u2019exemple del passat pot ser-nos inspirador en les nostres vides, els camins d\u2019aquells i aquelles que ens han precedit poden ensenyar-nos a corregir les nostres passes; D\u00e9u meu, que sigui la teva paraula inspiraci\u00f3 per mi, que no confi\u00ef solament en les meves forces; vull que el teu Esperit em parli i em faci caminar seguint les passes de Jes\u00fas.<\/p>\n<p><strong><span style=\"text-decoration: underline;\"><span style=\"color: #0000ff; text-decoration: underline;\">Dissabte, 10 d\u2019octubre<\/span><\/span><\/strong><\/p>\n<p>Mateu 8, 18-27<br \/>\nNo vull afermar la meva vida sobre roques de sorra que no tenen futur, no vull tremolar davant de cada ensopegada, no permetis Senyor que posi per davant teu res i fes-me veure que seguir Jes\u00fas \u00e9s, a la fi, deixar enrere vanes seguretats, que aquest m\u00f3n ens ofereix, i viure amb fe en mig de la tempesta. Acompanya\u2019m, aix\u00ed ho podr\u00e9 fer.<\/p>\n<p><strong><span style=\"text-decoration: underline;\"><span style=\"color: #0000ff; text-decoration: underline;\">Diumenge, 11 d\u2019octubre<\/span><\/span><\/strong><\/p>\n<p>Salm 125<br \/>\nAbra\u00e7a\u2019m D\u00e9u meu, que em senti protegida entre les teves mans; conforta\u2019m Senyor meu, que pugui viure confiada de la teva fidelitat. Vull viure la teva pau com un do, com un regal que omple de quietud la meva vida. Com les muntanyes defensen les grans ciutats i em defendr\u00e0s a mi, aix\u00ed ho crec, per aix\u00f2 et confio tots els meus camins.<\/p>\n","protected":false},"excerpt":{"rendered":"<p>Dilluns, 5 d\u2019octubre 2 Reis 19, 1-19 Quan el perill s\u2019acosta, quan sembla que no hi ha sortida, tothom busca una salvaci\u00f3, en qu\u00e8 confiar\u00e9? En qui confiar\u00e9? No hi ha res en aquest m\u00f3n que sigui tan fiable com el me D\u00e9u, no hi ha res m\u00e9s que ell, creador i llibertador, Pare amant [&hellip;]<\/p>\n","protected":false},"author":1,"featured_media":0,"comment_status":"open","ping_status":"open","sticky":false,"template":"","format":"standard","meta":{"_jetpack_memberships_contains_paid_content":false,"footnotes":""},"categories":[7],"tags":[],"class_list":["post-1375","post","type-post","status-publish","format-standard","hentry","category-meditacions-diaries"],"jetpack_sharing_enabled":true,"jetpack_featured_media_url":"","_links":{"self":[{"href":"https:\/\/eec.cat\/blog\/wp-json\/wp\/v2\/posts\/1375","targetHints":{"allow":["GET"]}}],"collection":[{"href":"https:\/\/eec.cat\/blog\/wp-json\/wp\/v2\/posts"}],"about":[{"href":"https:\/\/eec.cat\/blog\/wp-json\/wp\/v2\/types\/post"}],"author":[{"embeddable":true,"href":"https:\/\/eec.cat\/blog\/wp-json\/wp\/v2\/users\/1"}],"replies":[{"embeddable":true,"href":"https:\/\/eec.cat\/blog\/wp-json\/wp\/v2\/comments?post=1375"}],"version-history":[{"count":0,"href":"https:\/\/eec.cat\/blog\/wp-json\/wp\/v2\/posts\/1375\/revisions"}],"wp:attachment":[{"href":"https:\/\/eec.cat\/blog\/wp-json\/wp\/v2\/media?parent=1375"}],"wp:term":[{"taxonomy":"category","embeddable":true,"href":"https:\/\/eec.cat\/blog\/wp-json\/wp\/v2\/categories?post=1375"},{"taxonomy":"post_tag","embeddable":true,"href":"https:\/\/eec.cat\/blog\/wp-json\/wp\/v2\/tags?post=1375"}],"curies":[{"name":"wp","href":"https:\/\/api.w.org\/{rel}","templated":true}]}}