{"id":1371,"date":"2015-10-03T14:43:59","date_gmt":"2015-10-03T14:43:59","guid":{"rendered":"http:\/\/eec.cat\/blog\/?p=1371"},"modified":"2015-10-03T14:47:00","modified_gmt":"2015-10-03T14:47:00","slug":"ensenyans-a-comptar-els-nostres-dies","status":"publish","type":"post","link":"https:\/\/eec.cat\/blog\/ensenyans-a-comptar-els-nostres-dies\/","title":{"rendered":"Ensenya\u00b4ns a comptar els nostres dies&#8230;"},"content":{"rendered":"<p style=\"text-align: center;\"><a href=\"http:\/\/eec.cat\/blog\/wp-content\/uploads\/2015\/10\/calendario_futbol.jpg\"><img loading=\"lazy\" decoding=\"async\" class=\"aligncenter size-medium wp-image-1373\" src=\"http:\/\/eec.cat\/blog\/wp-content\/uploads\/2015\/10\/calendario_futbol-300x204.jpg\" alt=\"calendario_futbol\" width=\"300\" height=\"204\" srcset=\"https:\/\/eec.cat\/blog\/wp-content\/uploads\/2015\/10\/calendario_futbol-300x204.jpg 300w, https:\/\/eec.cat\/blog\/wp-content\/uploads\/2015\/10\/calendario_futbol.jpg 1000w\" sizes=\"auto, (max-width: 300px) 100vw, 300px\" \/><\/a><\/p>\n<p style=\"text-align: center;\">D\u00e9u digu\u00e9:<br \/>\n&#8211;Que hi hagi a la volta del cel uns llumeners per a separar el dia de la nit i assenyalar les festivitats, els dies i els anys, i que des de la volta del cel il\u00b7luminin la terra (G\u00e8nesi 1, 14-15)<\/p>\n<p style=\"text-align: left;\">El testimoni b\u00edblic ens parla de que el temps \u00e9s un do de D\u00e9u, comptar els dies i els anys \u00e9s una d\u2019aquelles coses bones que D\u00e9u observ\u00e0 a la seva creaci\u00f3; el temps \u00e9s bo, sempre que sapiguem utilitzar-lo.<\/p>\n<p style=\"text-align: left;\">De calendaris, ara per ara, al nostre m\u00f3n hi ha m\u00e9s de deu, no tota la humanitat utilitza la mateixa manera per comptar el temps, si per el nostre calendari georgi\u00e0 som al 2015, pel calendari budista hem entrat al 2142 i pel jueu al 5775, doncs aix\u00ed a m\u00e9s de deu dates diferents. No tots comptem el temps igual, per\u00f2 el que s\u00ed \u00e9s cert, \u00e9s que els anys passen per a tots de la mateixa manera, i \u00e9s que, a la fi, cada any t\u00e9 un hivern, una primavera, un estiu i una tardor, i celebrem quan celebrem la nit de cap d\u2019any i l\u2019any nou, ho fem quan ho fem, entre el primer dia i l\u2019\u00faltim les estacions hauran succe\u00eft una rere l\u2019altre, perqu\u00e8 el temps \u00e9s un do de D\u00e9u per a totes i tots, comptem com comptem els nostres dies.<\/p>\n<p style=\"text-align: left;\">Aix\u00ed doncs, el temps que \u00e9s do de D\u00e9u no \u00e9s pas el nostre, tampoc \u00e9s pas el dels altres, \u00e9s aquell que ens \u00e9s com\u00fa a tota la creaci\u00f3, i que comparteix la mort a l\u2019hivern i el naixement a la primavera, un temps que passa per humans, animals i plantes, un temps que \u00e9s el que hem d\u2019aprendre a comptar, perqu\u00e8 a la fi no \u00e9s quants anys diu el teu calendari que tens, sin\u00f3 quant i com has viscut durant les teves estacions a la terra.<\/p>\n<p style=\"text-align: left;\">I com de calendaris hi ha molts, el cristianisme tamb\u00e9 ha constru\u00eft el seu propi, no pas el georgi\u00e0 que utilitzem a Europa, sin\u00f3 el calendari lit\u00fargic, que intenta presentar, any rere any la hist\u00f2ria de la salvaci\u00f3, la hist\u00f2ria de D\u00e9u amb la seva creaci\u00f3. Aquest calendari, com tots els altres, corre al llarg de les estacions de l\u2019any i ens vol fer comptar els nostres anys a trav\u00e9s de l\u2019acci\u00f3 de D\u00e9u al m\u00f3n i a les nostres vides.<\/p>\n<p style=\"text-align: left;\">El Dia a Dia comen\u00e7ava amb el primer dia del nostre any i acabava a l\u2019\u00faltim, per\u00f2 aquest curs us vull proposar una aventura, m\u2019agradaria que m\u2019acompany\u00e9ssiu en un viatge en el temps de la lit\u00fargia, aix\u00ed que us proposo comen\u00e7ar aquest nou any no el dia 1 de gener sin\u00f3 l\u20191 de desembre que \u00e9s, m\u00e9s o menys, quan s\u2019inicia el calendari lit\u00fargic cristi\u00e0, viatjarem per estacions, que s\u00f3n un do de D\u00e9u, i no pas pels dies creats per homes, i reflexionarem en aquesta hist\u00f2ria de D\u00e9u amb nosaltres.<\/p>\n<p style=\"text-align: left;\">Ja no seran els trimestres els que ens portaran del principi al final, sin\u00f3 l\u2019advent i la epifania, la quaresma i la setmana santa, pentecosta i el temps del discipulat, mirant en cada espai de la hist\u00f2ria de la salvaci\u00f3 quina \u00e9s la paraula de D\u00e9u per nosaltres avui.<\/p>\n<p style=\"text-align: left;\">Aquesta nova aventura la comen\u00e7arem d\u2019aqu\u00ed dos mesos, al desembre, amb l\u2019inici de l\u2019advent, fins llavors us deixo meditacions pels propers dos mesos, octubre i novembre, perqu\u00e8 Dia a Dia siguem amb D\u00e9u.<\/p>\n<p style=\"text-align: left;\">Diu el salmista: Ensenya\u2019ns a comptar els nostres dies per obtenir la saviesa del cor (Salm 90, 12), que aix\u00ed sia, que D\u00e9u ens ompli de saviesa a trav\u00e9s de la meditaci\u00f3 de la seva paraula, i aprenguem a viure cada estaci\u00f3. Am\u00e9n.<\/p>\n<p style=\"text-align: left;\"><strong>Marta L\u00f3pez Ballalta<\/strong><\/p>\n","protected":false},"excerpt":{"rendered":"<p>D\u00e9u digu\u00e9: &#8211;Que hi hagi a la volta del cel uns llumeners per a separar el dia de la nit i assenyalar les festivitats, els dies i els anys, i que des de la volta del cel il\u00b7luminin la terra (G\u00e8nesi 1, 14-15) El testimoni b\u00edblic ens parla de que el temps \u00e9s un do [&hellip;]<\/p>\n","protected":false},"author":1,"featured_media":0,"comment_status":"open","ping_status":"open","sticky":false,"template":"","format":"standard","meta":{"_jetpack_memberships_contains_paid_content":false,"footnotes":""},"categories":[6],"tags":[],"class_list":["post-1371","post","type-post","status-publish","format-standard","hentry","category-reflexions"],"jetpack_sharing_enabled":true,"jetpack_featured_media_url":"","_links":{"self":[{"href":"https:\/\/eec.cat\/blog\/wp-json\/wp\/v2\/posts\/1371","targetHints":{"allow":["GET"]}}],"collection":[{"href":"https:\/\/eec.cat\/blog\/wp-json\/wp\/v2\/posts"}],"about":[{"href":"https:\/\/eec.cat\/blog\/wp-json\/wp\/v2\/types\/post"}],"author":[{"embeddable":true,"href":"https:\/\/eec.cat\/blog\/wp-json\/wp\/v2\/users\/1"}],"replies":[{"embeddable":true,"href":"https:\/\/eec.cat\/blog\/wp-json\/wp\/v2\/comments?post=1371"}],"version-history":[{"count":0,"href":"https:\/\/eec.cat\/blog\/wp-json\/wp\/v2\/posts\/1371\/revisions"}],"wp:attachment":[{"href":"https:\/\/eec.cat\/blog\/wp-json\/wp\/v2\/media?parent=1371"}],"wp:term":[{"taxonomy":"category","embeddable":true,"href":"https:\/\/eec.cat\/blog\/wp-json\/wp\/v2\/categories?post=1371"},{"taxonomy":"post_tag","embeddable":true,"href":"https:\/\/eec.cat\/blog\/wp-json\/wp\/v2\/tags?post=1371"}],"curies":[{"name":"wp","href":"https:\/\/api.w.org\/{rel}","templated":true}]}}