{"id":1368,"date":"2015-10-03T17:00:18","date_gmt":"2015-10-03T17:00:18","guid":{"rendered":"http:\/\/eec.cat\/blog\/?p=1368"},"modified":"2015-10-03T14:38:33","modified_gmt":"2015-10-03T14:38:33","slug":"dia-a-dia-1-doctubre-4-doctubre-2015","status":"publish","type":"post","link":"https:\/\/eec.cat\/blog\/dia-a-dia-1-doctubre-4-doctubre-2015\/","title":{"rendered":"Dia a Dia. 1 d\u00b4octubre &#8211; 4 d\u00b4octubre 2015"},"content":{"rendered":"<p><strong><span style=\"text-decoration: underline;\"><span style=\"color: #0000ff; text-decoration: underline;\"><a href=\"http:\/\/eec.cat\/blog\/wp-content\/uploads\/2015\/10\/campoverde.jpg\"><img loading=\"lazy\" decoding=\"async\" class=\"alignleft size-thumbnail wp-image-1369\" src=\"http:\/\/eec.cat\/blog\/wp-content\/uploads\/2015\/10\/campoverde-150x150.jpg\" alt=\"campoverde\" width=\"150\" height=\"150\" \/><\/a>Dijous, 1 d\u2019octubre<\/span><\/span><\/strong><\/p>\n<p>2 Reis 18, 28-37<br \/>\nSenyor, no permetis que el discurs dels dolents, amarat d\u2019una falsa pau, em faci perdre la confian\u00e7a en tu; no deixis D\u00e9u meu que m\u2019enganyin les paraules f\u00e0cils, que volen recordar-me que moltes vegades sembla que la teva salvaci\u00f3 no arribar\u00e0. Vull reposar les meves pors en tu, en tu vull confiar, perqu\u00e8 s\u00e9 que ets fidel.<\/p>\n<p><strong><span style=\"text-decoration: underline;\"><span style=\"color: #0000ff; text-decoration: underline;\">Divendres, 2 d\u2019octubre<\/span><\/span><\/strong><\/p>\n<p>1 Corintis 9, 1-15<br \/>\nM\u2019agradaria que la meva generositat creix\u00e9s cada dia, tindre sempre el cor disposat a compartir el que posseeixo. Desitjo que les difer\u00e8ncies d\u2019opini\u00f3, o de visi\u00f3, no empresonin la meva miseric\u00f2rdia, ni la meva capacitat d\u2019estimar. Senyor, que la generositat que he apr\u00e9s de tu s\u00e0piga compartir-la amb els altres.<\/p>\n<p><strong><span style=\"text-decoration: underline;\"><span style=\"color: #0000ff; text-decoration: underline;\">Dissabte, 3 d\u2019octubre<\/span><\/span><\/strong><\/p>\n<p>Mateu 7, 22-29<br \/>\nLes meves paraules podem dir una cosa, i les meves mans fer unes altres. El meu discurs pot defensar al pobre, per\u00f2 la meva m\u00e0 tancar dins el puny la miseric\u00f2rdia. Vull construir la meva vida en el fonament de Jes\u00fas, que la seva paraula sigui el refugi fort del meu cor i la inspiraci\u00f3 per tots els meus actes. Vull admirar la teva paraula i fer-la realitat en mi.<\/p>\n<p><strong><span style=\"text-decoration: underline;\"><span style=\"color: #0000ff; text-decoration: underline;\">Diumenge, 4 d\u2019octubre<\/span><\/span><\/strong><\/p>\n<p>Salm 26<br \/>\nD\u00e9u meu, com el salmista s\u00e9 que m\u00e9s enll\u00e0 de les meves bones accions \u00e9s solament en tu on hi ha la salvaci\u00f3. Per m\u00e9s que m\u2019esforci, per m\u00e9s b\u00e9 que em comporti, aix\u00f2 no em lliurar\u00e0 de la maldat que sembla regnar en aquest m\u00f3n. Per aix\u00f2 confio en tu, deixo la meva causa a les teves mans, reposo en tu i et beneeixo perqu\u00e8 tu veses sobre mi la teva miseric\u00f2rdia.<\/p>\n","protected":false},"excerpt":{"rendered":"<p>Dijous, 1 d\u2019octubre 2 Reis 18, 28-37 Senyor, no permetis que el discurs dels dolents, amarat d\u2019una falsa pau, em faci perdre la confian\u00e7a en tu; no deixis D\u00e9u meu que m\u2019enganyin les paraules f\u00e0cils, que volen recordar-me que moltes vegades sembla que la teva salvaci\u00f3 no arribar\u00e0. Vull reposar les meves pors en tu, [&hellip;]<\/p>\n","protected":false},"author":1,"featured_media":0,"comment_status":"open","ping_status":"open","sticky":false,"template":"","format":"standard","meta":{"_jetpack_memberships_contains_paid_content":false,"footnotes":""},"categories":[7],"tags":[],"class_list":["post-1368","post","type-post","status-publish","format-standard","hentry","category-meditacions-diaries"],"jetpack_sharing_enabled":true,"jetpack_featured_media_url":"","_links":{"self":[{"href":"https:\/\/eec.cat\/blog\/wp-json\/wp\/v2\/posts\/1368","targetHints":{"allow":["GET"]}}],"collection":[{"href":"https:\/\/eec.cat\/blog\/wp-json\/wp\/v2\/posts"}],"about":[{"href":"https:\/\/eec.cat\/blog\/wp-json\/wp\/v2\/types\/post"}],"author":[{"embeddable":true,"href":"https:\/\/eec.cat\/blog\/wp-json\/wp\/v2\/users\/1"}],"replies":[{"embeddable":true,"href":"https:\/\/eec.cat\/blog\/wp-json\/wp\/v2\/comments?post=1368"}],"version-history":[{"count":0,"href":"https:\/\/eec.cat\/blog\/wp-json\/wp\/v2\/posts\/1368\/revisions"}],"wp:attachment":[{"href":"https:\/\/eec.cat\/blog\/wp-json\/wp\/v2\/media?parent=1368"}],"wp:term":[{"taxonomy":"category","embeddable":true,"href":"https:\/\/eec.cat\/blog\/wp-json\/wp\/v2\/categories?post=1368"},{"taxonomy":"post_tag","embeddable":true,"href":"https:\/\/eec.cat\/blog\/wp-json\/wp\/v2\/tags?post=1368"}],"curies":[{"name":"wp","href":"https:\/\/api.w.org\/{rel}","templated":true}]}}