{"id":1363,"date":"2015-09-28T01:54:47","date_gmt":"2015-09-28T01:54:47","guid":{"rendered":"http:\/\/eec.cat\/blog\/?p=1363"},"modified":"2015-09-27T17:58:56","modified_gmt":"2015-09-27T17:58:56","slug":"dia-a-dia-28-de-setembre-30-de-setembre-2015","status":"publish","type":"post","link":"https:\/\/eec.cat\/blog\/dia-a-dia-28-de-setembre-30-de-setembre-2015\/","title":{"rendered":"Dia a Dia. 28 de setembre &#8211; 30 de setembre 2015"},"content":{"rendered":"<p><strong><span style=\"text-decoration: underline;\"><span style=\"color: #0000ff; text-decoration: underline;\"><a href=\"http:\/\/eec.cat\/blog\/wp-content\/uploads\/2015\/09\/playaanochecer.jpg\"><img loading=\"lazy\" decoding=\"async\" class=\"alignleft size-thumbnail wp-image-1364\" src=\"http:\/\/eec.cat\/blog\/wp-content\/uploads\/2015\/09\/playaanochecer-150x150.jpg\" alt=\"playaanochecer\" width=\"150\" height=\"150\" \/><\/a>Dilluns, 28 de setembre<\/span><\/span><\/strong><\/p>\n<p>1 Tessalonicencs 1, 2-6<br \/>\nVull fer cr\u00e9ixer la meva esperan\u00e7a, vull mantenir-la ferma, i per fer-ho la construir\u00e9 sobre la roca, sobre el Crist, en ell alimentar\u00e9 la meva vida per construir i treballar perqu\u00e8 tots els homes i les dones puguin viure en just\u00edcia i pau, gaudint de l\u2019amor. La meva esperan\u00e7a \u00e9s que el mal ja ha sigut ven\u00e7ut, en D\u00e9u hem tingut la vict\u00f2ria.<\/p>\n<p><strong><span style=\"text-decoration: underline;\"><span style=\"color: #0000ff; text-decoration: underline;\">Dimarts, 29 de setembre<\/span><\/span><\/strong><\/p>\n<p>1 Tessalonicencs 5, 5-8<br \/>\nTinc una casc que em cobreix el cap, que protegeix la meva vida, i que m\u2019assegura la vict\u00f2ria. Tinc una esperan\u00e7a que omple el meu cor de coratge per lluitar, de forces per tirar endavant, perqu\u00e8 ella veu de l\u2019amor que D\u00e9u m\u2019ha atorgat, es cobreix de la fe que confia en el meu Senyor.<\/p>\n<p><strong><span style=\"text-decoration: underline;\"><span style=\"color: #0000ff; text-decoration: underline;\">Dimecres, 30 de setembre<\/span><\/span><\/strong><\/p>\n<p>Isa\u00efes 9, 1-6<br \/>\nVeig davant nostre un regne de pau i just\u00edcia, caminem cap a ell, \u00e9s un regna fonamentat en Jes\u00fas, que per amor obrir a la humanitat una nova vida, plena d\u2019harmonia, vessada de llum. Aquesta \u00e9s la meva esperan\u00e7a, un nou m\u00f3n on l\u2019amor mogui cada acci\u00f3 i cada pensament, per ell treballo, per ell lluita la meva fe.<\/p>\n","protected":false},"excerpt":{"rendered":"<p>Dilluns, 28 de setembre 1 Tessalonicencs 1, 2-6 Vull fer cr\u00e9ixer la meva esperan\u00e7a, vull mantenir-la ferma, i per fer-ho la construir\u00e9 sobre la roca, sobre el Crist, en ell alimentar\u00e9 la meva vida per construir i treballar perqu\u00e8 tots els homes i les dones puguin viure en just\u00edcia i pau, gaudint de l\u2019amor. La [&hellip;]<\/p>\n","protected":false},"author":1,"featured_media":0,"comment_status":"open","ping_status":"open","sticky":false,"template":"","format":"standard","meta":{"_jetpack_memberships_contains_paid_content":false,"footnotes":""},"categories":[7],"tags":[],"class_list":["post-1363","post","type-post","status-publish","format-standard","hentry","category-meditacions-diaries"],"jetpack_sharing_enabled":true,"jetpack_featured_media_url":"","_links":{"self":[{"href":"https:\/\/eec.cat\/blog\/wp-json\/wp\/v2\/posts\/1363","targetHints":{"allow":["GET"]}}],"collection":[{"href":"https:\/\/eec.cat\/blog\/wp-json\/wp\/v2\/posts"}],"about":[{"href":"https:\/\/eec.cat\/blog\/wp-json\/wp\/v2\/types\/post"}],"author":[{"embeddable":true,"href":"https:\/\/eec.cat\/blog\/wp-json\/wp\/v2\/users\/1"}],"replies":[{"embeddable":true,"href":"https:\/\/eec.cat\/blog\/wp-json\/wp\/v2\/comments?post=1363"}],"version-history":[{"count":0,"href":"https:\/\/eec.cat\/blog\/wp-json\/wp\/v2\/posts\/1363\/revisions"}],"wp:attachment":[{"href":"https:\/\/eec.cat\/blog\/wp-json\/wp\/v2\/media?parent=1363"}],"wp:term":[{"taxonomy":"category","embeddable":true,"href":"https:\/\/eec.cat\/blog\/wp-json\/wp\/v2\/categories?post=1363"},{"taxonomy":"post_tag","embeddable":true,"href":"https:\/\/eec.cat\/blog\/wp-json\/wp\/v2\/tags?post=1363"}],"curies":[{"name":"wp","href":"https:\/\/api.w.org\/{rel}","templated":true}]}}