{"id":1359,"date":"2015-09-27T17:28:57","date_gmt":"2015-09-27T17:28:57","guid":{"rendered":"http:\/\/eec.cat\/blog\/?p=1359"},"modified":"2015-09-27T17:29:51","modified_gmt":"2015-09-27T17:29:51","slug":"viatge-a-bolivia","status":"publish","type":"post","link":"https:\/\/eec.cat\/blog\/viatge-a-bolivia\/","title":{"rendered":"Viatge a Bol\u00edvia"},"content":{"rendered":"<p style=\"text-align: left;\">El Far, Servei Social Protestant que pertany a l\u2019obra social de l\u2019Esgl\u00e9sia Evang\u00e8lica de Catalunya EEC, entre altres activitats, va posar en funcionament fa cinc anys la Llar d\u2019Infants a Bol\u00edvia per ajudar a nenes\/mares. Ara han estat novament a aquell pa\u00eds i ens envien les seves viv\u00e8ncies d\u2019aquests dies<\/p>\n<p style=\"text-align: center;\"><strong><span style=\"text-decoration: underline;\">Viatge a Bol\u00edvia<\/span><\/strong><\/p>\n<p><a href=\"http:\/\/eec.cat\/blog\/wp-content\/uploads\/2015\/09\/Foto-nenes-Bol\u00edvia.jpg\"><img loading=\"lazy\" decoding=\"async\" class=\"aligncenter size-medium wp-image-1360\" src=\"http:\/\/eec.cat\/blog\/wp-content\/uploads\/2015\/09\/Foto-nenes-Bol\u00edvia-300x224.jpg\" alt=\"Foto nenes Bol\u00edvia\" width=\"300\" height=\"224\" srcset=\"https:\/\/eec.cat\/blog\/wp-content\/uploads\/2015\/09\/Foto-nenes-Bol\u00edvia-300x224.jpg 300w, https:\/\/eec.cat\/blog\/wp-content\/uploads\/2015\/09\/Foto-nenes-Bol\u00edvia-1024x765.jpg 1024w, https:\/\/eec.cat\/blog\/wp-content\/uploads\/2015\/09\/Foto-nenes-Bol\u00edvia.jpg 1600w\" sizes=\"auto, (max-width: 300px) 100vw, 300px\" \/><\/a><\/p>\n<p>Corre, corre que no arribem! S\u00f3n 2\/4 de 6 de la matinada i a les 9 tenim reuni\u00f3 amb un funcionari de la Governaci\u00f3 de Santa Cruz de la Sierra. Esgotades despr\u00e9s d&#8217;un viatge de m\u00e9s de 20 hores de porta a porta, per\u00f2 sense fer massa cas de la fatiga, ens afany\u00e0vem per a arribar a l\u2019\u00fanica de les reunions planificades per a realitzar al nostre viatge a Bol\u00edvia, per\u00f2 que seria la primera d\u2019una cadena d\u2019entrevistes improvisades que es succeirien en els seg\u00fcents quinze dies.<\/p>\n<p>Nom\u00e9s ten\u00edem una missi\u00f3: Intentar buscar ajuts per poder garantir la continu\u00eftat de la Llar del Far a Bol\u00edvia, que est\u00e0 dedicada a tenir cura de nenes\/adolescents que han estat v\u00edctimes de viol\u00e8ncia sexual i que han tingut un fill a conseq\u00fc\u00e8ncia d\u2019aquesta viol\u00e8ncia. Aquesta idea la ten\u00edem clara, per\u00f2 el que no sab\u00edem \u00e9s com ens rebrien els nostres interlocutors. Com que la ignor\u00e0ncia \u00e9s molt atrevida i la fe tamb\u00e9, vam decidir entrevistar-nos i parlar amb les diferents autoritats del pa\u00eds: Governaci\u00f3 del Departament aut\u00f2nom de Santa Cruz, Defensor del Poble de Bol\u00edvia, que ens va atendre molt be i ens va facilitar una entrevista amb el Defensor del Poble de Santa Cruz, la Defensoria de la Ni\u00f1ez (que dep\u00e8n de l\u2019Ajuntament), el Bisbe de l\u2019Esgl\u00e9sia Evang\u00e8lica Metodista de Bol\u00edvia, la Directora del diari \u201cEl Dia\u201d, que va publicar un article explicant les nostres dificultats per mantenir la Llar, etc&#8230; tot era poc per posar de relleu la import\u00e0ncia de donar una oportunitat a les nenes-mama (v\u00edctimes de viol\u00e8ncia de g\u00e8nere) que viuen a la Llar.<\/p>\n<p>Dades esgarrifoses de l&#8217;informe del Defensor del Poble de Bol\u00edvia indiquen que cada dia s\u00f3n violades a aquest pa\u00eds 16 nenes&#8230; Incomprensible per unes europees com nosaltres que procedim d&#8217;entorns protegits, on els pares i els professors tenen cura dels nostres fills\/es.<\/p>\n<p>Cada dia ensopeg\u00e0vem amb infants que estaven al carrer. Asseguts a terra, al costat de la t\u00edpica paradeta on venen fru\u00efts secs o productes del pa\u00eds fets a m\u00e0&#8230; mares i nens\/es que esperen una almoina nostre o aconseguir-nos vendre algun dels seus productes per poder alimentar-se. Els infants ens miren amb aquells ulls castanys fosc i obren les seves mans cap a nosaltres perqu\u00e8 saben que som estrangeres (ens delata la cara p\u00e0l\u00b7lida i el cabell ros). Nosaltres de tant en tant, alguna moneda els hi don\u00e0vem, malgrat que ens embargava la sensaci\u00f3 de que pod\u00edem fer molt poc&#8230;<\/p>\n<p>I a la llar, no podem escapar de la simpatia i l&#8217;estima que ens ofereixen aquells nens i jovenetes&#8230; sembla que s\u00e0piguen que estem buscant el sosteniment necessari per la continuaci\u00f3 de la llar. I certament, \u00e9s aix\u00ed, estem all\u00e0 perqu\u00e8 els estimem i intentem fer nostre el gran manament &#8220;Estima els altres com a tu mateix&#8221; (Mateu 22:39) i \u00e9s aquest amor el que ha de moure a tota persona cristiana que t\u00e9 a Jes\u00fas com a Senyor i Salvador.<\/p>\n<p>Si, la Llar del Far a Santa Cruz (Bol\u00edvia) passa per s\u00e8ries dificultats econ\u00f2miques i la seva continu\u00eftat dep\u00e8n de la voluntat del Senyor, i a Ell ens encomanem i confiem perqu\u00e8 arribin els recursos econ\u00f2mics necessaris per veure cr\u00e9ixer a les noies i els seus fills: Jos\u00e9 Daniel i Silvia; Nat\u00e0lia i Ayded; Deivy i Deisy; Litzy i Rosa; Jorge i Jenny; Carlos i Juana; Anna i Micaela; Wilson i Jessica.<\/p>\n<p>La nostra estada a Bol\u00edvia ja ha acabat i les tres tornem a Barcelona, per\u00f2 part del nostre cor estar\u00e0 per sempre en aquella &#8220;Llar&#8221; que pret\u00e9n oferir esperan\u00e7a i fe a vides d\u00e8bils, per\u00f2 on resideix tamb\u00e9 la for\u00e7a del nostre D\u00e9u. La llavor ha estat sembrada i ara cal esperar que doni fruit.<\/p>\n<p><strong>L\u00eddia Castell<\/strong><br \/>\n<strong>Presidenta de l\u2019Associaci\u00f3 El Far, Servei Social Protestant<\/strong><\/p>\n","protected":false},"excerpt":{"rendered":"<p>El Far, Servei Social Protestant que pertany a l\u2019obra social de l\u2019Esgl\u00e9sia Evang\u00e8lica de Catalunya EEC, entre altres activitats, va posar en funcionament fa cinc anys la Llar d\u2019Infants a Bol\u00edvia per ajudar a nenes\/mares. Ara han estat novament a aquell pa\u00eds i ens envien les seves viv\u00e8ncies d\u2019aquests dies Viatge a Bol\u00edvia Corre, corre [&hellip;]<\/p>\n","protected":false},"author":1,"featured_media":0,"comment_status":"open","ping_status":"open","sticky":false,"template":"","format":"standard","meta":{"_jetpack_memberships_contains_paid_content":false,"footnotes":""},"categories":[6],"tags":[],"class_list":["post-1359","post","type-post","status-publish","format-standard","hentry","category-reflexions"],"jetpack_sharing_enabled":true,"jetpack_featured_media_url":"","_links":{"self":[{"href":"https:\/\/eec.cat\/blog\/wp-json\/wp\/v2\/posts\/1359","targetHints":{"allow":["GET"]}}],"collection":[{"href":"https:\/\/eec.cat\/blog\/wp-json\/wp\/v2\/posts"}],"about":[{"href":"https:\/\/eec.cat\/blog\/wp-json\/wp\/v2\/types\/post"}],"author":[{"embeddable":true,"href":"https:\/\/eec.cat\/blog\/wp-json\/wp\/v2\/users\/1"}],"replies":[{"embeddable":true,"href":"https:\/\/eec.cat\/blog\/wp-json\/wp\/v2\/comments?post=1359"}],"version-history":[{"count":0,"href":"https:\/\/eec.cat\/blog\/wp-json\/wp\/v2\/posts\/1359\/revisions"}],"wp:attachment":[{"href":"https:\/\/eec.cat\/blog\/wp-json\/wp\/v2\/media?parent=1359"}],"wp:term":[{"taxonomy":"category","embeddable":true,"href":"https:\/\/eec.cat\/blog\/wp-json\/wp\/v2\/categories?post=1359"},{"taxonomy":"post_tag","embeddable":true,"href":"https:\/\/eec.cat\/blog\/wp-json\/wp\/v2\/tags?post=1359"}],"curies":[{"name":"wp","href":"https:\/\/api.w.org\/{rel}","templated":true}]}}