{"id":1356,"date":"2015-09-26T13:29:23","date_gmt":"2015-09-26T13:29:23","guid":{"rendered":"http:\/\/eec.cat\/blog\/?p=1356"},"modified":"2015-09-26T13:29:23","modified_gmt":"2015-09-26T13:29:23","slug":"tancades-amb-clau-i-pany","status":"publish","type":"post","link":"https:\/\/eec.cat\/blog\/tancades-amb-clau-i-pany\/","title":{"rendered":"Tancades amb clau i pany?"},"content":{"rendered":"<p><a href=\"http:\/\/eec.cat\/blog\/wp-content\/uploads\/2015\/09\/unnamed-3.jpg\"><img loading=\"lazy\" decoding=\"async\" class=\"alignleft size-thumbnail wp-image-1357\" src=\"http:\/\/eec.cat\/blog\/wp-content\/uploads\/2015\/09\/unnamed-3-150x150.jpg\" alt=\"unnamed (3)\" width=\"150\" height=\"150\" \/><\/a>\u2026 recordem davant de D\u00e9u, el nostre Pare, la vostra fe activa, el vostre amor incansable i la vostra esperan\u00e7a constant en nostre Senyor Jesucrist (1 Tessalonicencs 1, 3). Viure vol dir caminar, respirar vol dir tenir l\u2019oportunitat de seguir avan\u00e7ant; diu la dita que mentre hi ha vida hi ha esperan\u00e7a, per\u00f2 crec que seria millor dir que quan vivim l\u2019esperan\u00e7a \u00e9s quan realment hi ha vida. Una pietat mal entesa i una distorsi\u00f3 de l\u2019espiritualitat ens ha fet tancar dins el nostre interior, dins la capsa del nostre cor, elements b\u00e0sic del cristianisme, com la fe, l\u2019amor i l\u2019esperan\u00e7a; d\u2019alguna manera els hem guardat sola la clau de l\u2019experi\u00e8ncia personal, oblidant que tots tres no s\u00f3n sentiments, sin\u00f3 motors d\u2019una vida plena. La fe no \u00e9s nom\u00e9s una creen\u00e7a, ni quelcom que \u00fanicament ens conforti interiorment, la fe \u00e9s all\u00f2 que \u00e9s mou i treballa, \u00e9s all\u00f2 que lluita i encoratja per enfrontar els problemes i les dificultats, per transformar les realitats i renovar la vida. L\u2019amor no \u00e9s solament un sentiment d\u2019estimaci\u00f3, no \u00e9s una calor al cor, sin\u00f3 que l\u2019amor s\u2019acosta i estima, perdona i \u00e9s misericordi\u00f3s, l\u2019amor \u00e9s una relaci\u00f3 que, una vegada i un altre, supera rases i crea ponts perqu\u00e8 els uns i les altres visquem veritablement units, sent responsables mutus. I l\u2019esperan\u00e7a no \u00e9s solament all\u00f2 que ha de vindre, sin\u00f3 que \u00e9s la const\u00e0ncia que ens mou, el combustible que ens fa tirar endavant, perqu\u00e8 l\u2019esperan\u00e7a no solament s\u2019espera sin\u00f3 que renova les realitats presents perqu\u00e8 vol manifestar-se.<\/p>\n<p>La fe, l\u2019amor i l\u2019esperan\u00e7a s\u00f3n tres pilars sobre els que construir les nostres vides, com a persones i com a comunitat, tres columnes fortes i fermes que es sustenten en el perd\u00f3, la miseric\u00f2rdia i l\u2019amor que D\u00e9u ens ha ofert, i que neixen i creixen de la confian\u00e7a que hem depositat en la paraula de D\u00e9u, en les seves promeses, que s\u00f3n veritable i fiables. No podem tancar la fe, no podem restringir l\u2019amor, no hem de seure fins que arribi l\u2019esperan\u00e7a, ans al contrari, si volem arrib\u00e0 a un m\u00f3n millor haurem d\u2019estimar profundament i demostrar-ho amb fets palpables, guiats per una fe que lluita i treballa per l\u2019esperan\u00e7a que ja est\u00e0 venint.<\/p>\n<p>La mem\u00f2ria del poble de D\u00e9u \u00e9s plena de records de homes i dones que han manifestat el seu cristianisme, no en paraules, sin\u00f3 en veritables fets d\u2019amor, en elles i ells hem d\u2019inspirar la nostra fe, i en la paraula de D\u00e9u veure com una realitat all\u00f2 que est\u00e0 per venir. Hem de donar gr\u00e0cies a D\u00e9u per la vida d\u2019aquelles i aquells que inspirats en Jes\u00fas van oferir-se per transformar aquest m\u00f3n en una realitat millor, encara que aquesta renovaci\u00f3 sembl\u00e9s no fer gaire, va fer molt, perqu\u00e8 cada petit canvi ha aconseguit sumar un pas m\u00e9s cap el regne de D\u00e9u. Aquest temps que ens queda fins arribar a l\u2019advent, ens proposa viatjar en la reflexi\u00f3 d\u2019aquestes tres columnes sobre les que hem de construir-nos: fe, amor i esperan\u00e7a han de ser, no solament una actitud interior, sin\u00f3 una realitat visible en mig d\u2019un m\u00f3n que ens necessita. En la fe, que \u00e9s do de D\u00e9u, mogut per l\u2019amor caminarem cap a la nostra esperan\u00e7a: que el nou m\u00f3n inaugurat en Jes\u00fas sigui una realitat per tota la humanitat.<\/p>\n<p><strong>Marta L\u00f3pez Ballalta Pastora de la Esgl\u00e9sia Protestant de BCN-Centre (Metodista-Presbiteriana)<\/strong><\/p>\n","protected":false},"excerpt":{"rendered":"<p>\u2026 recordem davant de D\u00e9u, el nostre Pare, la vostra fe activa, el vostre amor incansable i la vostra esperan\u00e7a constant en nostre Senyor Jesucrist (1 Tessalonicencs 1, 3). Viure vol dir caminar, respirar vol dir tenir l\u2019oportunitat de seguir avan\u00e7ant; diu la dita que mentre hi ha vida hi ha esperan\u00e7a, per\u00f2 crec que [&hellip;]<\/p>\n","protected":false},"author":1,"featured_media":0,"comment_status":"open","ping_status":"open","sticky":false,"template":"","format":"standard","meta":{"_jetpack_memberships_contains_paid_content":false,"footnotes":""},"categories":[6],"tags":[],"class_list":["post-1356","post","type-post","status-publish","format-standard","hentry","category-reflexions"],"jetpack_sharing_enabled":true,"jetpack_featured_media_url":"","_links":{"self":[{"href":"https:\/\/eec.cat\/blog\/wp-json\/wp\/v2\/posts\/1356","targetHints":{"allow":["GET"]}}],"collection":[{"href":"https:\/\/eec.cat\/blog\/wp-json\/wp\/v2\/posts"}],"about":[{"href":"https:\/\/eec.cat\/blog\/wp-json\/wp\/v2\/types\/post"}],"author":[{"embeddable":true,"href":"https:\/\/eec.cat\/blog\/wp-json\/wp\/v2\/users\/1"}],"replies":[{"embeddable":true,"href":"https:\/\/eec.cat\/blog\/wp-json\/wp\/v2\/comments?post=1356"}],"version-history":[{"count":0,"href":"https:\/\/eec.cat\/blog\/wp-json\/wp\/v2\/posts\/1356\/revisions"}],"wp:attachment":[{"href":"https:\/\/eec.cat\/blog\/wp-json\/wp\/v2\/media?parent=1356"}],"wp:term":[{"taxonomy":"category","embeddable":true,"href":"https:\/\/eec.cat\/blog\/wp-json\/wp\/v2\/categories?post=1356"},{"taxonomy":"post_tag","embeddable":true,"href":"https:\/\/eec.cat\/blog\/wp-json\/wp\/v2\/tags?post=1356"}],"curies":[{"name":"wp","href":"https:\/\/api.w.org\/{rel}","templated":true}]}}