{"id":1349,"date":"2015-09-13T19:01:19","date_gmt":"2015-09-13T19:01:19","guid":{"rendered":"http:\/\/eec.cat\/blog\/?p=1349"},"modified":"2015-09-13T19:01:43","modified_gmt":"2015-09-13T19:01:44","slug":"dia-a-dia-14-de-setembre-20-de-setembre-2015","status":"publish","type":"post","link":"https:\/\/eec.cat\/blog\/dia-a-dia-14-de-setembre-20-de-setembre-2015\/","title":{"rendered":"Dia a Dia. 14 de setembre &#8211; 20 de setembre 2015"},"content":{"rendered":"<p><strong><span style=\"text-decoration: underline;\"><span style=\"color: #0000ff; text-decoration: underline;\"><a href=\"http:\/\/eec.cat\/blog\/wp-content\/uploads\/2015\/02\/sem-4-Gorg-de-la-Bauma-Capdevanol-7231.jpg\"><img loading=\"lazy\" decoding=\"async\" class=\"alignleft size-thumbnail wp-image-1026\" src=\"http:\/\/eec.cat\/blog\/wp-content\/uploads\/2015\/02\/sem-4-Gorg-de-la-Bauma-Capdevanol-7231-150x150.jpg\" alt=\"sem 4 Gorg de la Bauma Capdevanol 7231\" width=\"150\" height=\"150\" \/><\/a>Dilluns, 14 de setembre<\/span><\/span><\/strong><\/p>\n<p>Hebreus 10, 19-24<br \/>\nLa nostra esperan\u00e7a \u00e9s veritable, perqu\u00e8 realment D\u00e9u compleix les seves promeses, per aix\u00f2, esfor\u00e7ant-nos en l\u2019amor, cultivant la nostra fe, seguim endavant, conven\u00e7uts de que el Senyor camina amb nosaltres. No estem sols, en Jes\u00fas hem obtingut acc\u00e9s directe al Pare, en ell hem trobat a D\u00e9u.<\/p>\n<p><strong><span style=\"text-decoration: underline;\"><span style=\"color: #0000ff; text-decoration: underline;\">Dimarts, 15 de setembre<\/span><\/span><\/strong><\/p>\n<p>Hebreus 11, 1-3<br \/>\nLa fe ens obre els ulls a l\u2019esperan\u00e7a, una esperan\u00e7a que no veiem per\u00f2 que sabem que hi \u00e9s, davant nostre. \u00c9s meravell\u00f3s saber que l\u2019espera no ser\u00e0 en va, \u00e9s un do mirar cap all\u00f2 que ve i saber que arribar\u00e0. No \u00e9s vana la nostra fe, no \u00e9s vana la nostra esperan\u00e7a, D\u00e9u ha prom\u00e8s un nou m\u00f3n, estem conven\u00e7uts que l\u2019assolirem.<\/p>\n<p><strong><span style=\"text-decoration: underline;\"><span style=\"color: #0000ff; text-decoration: underline;\">Dimecres, 16 de setembre<\/span><\/span><\/strong><\/p>\n<p>Hebreus 12, 1-3<br \/>\nEl cam\u00ed de l\u2019esperan\u00e7a no \u00e9s f\u00e0cil, la vida \u00e9s plena de dificultats, de problemes i batalles que moltes vegades esgoten les nostres forces; per\u00f2 en Jes\u00fas tenim l\u2019exemple, tenim on posar la nostra mirada, en ell hem apr\u00e9s que en l\u2019Esperit podem abandonar el nostre cansament i renovar-nos per continuar.<\/p>\n<p><strong><span style=\"text-decoration: underline;\"><span style=\"color: #0000ff; text-decoration: underline;\">Dijous, 17 de setembre<\/span><\/span><\/strong><\/p>\n<p>Jaume 5, 7-11<br \/>\nDiuen que la paci\u00e8ncia \u00e9s una virtut, que saber esperar \u00e9s una capacitat que pocs tenen, i certament moltes vegades \u00e9s dif\u00edcil fer-ho, volem avan\u00e7ar all\u00f2 que ser\u00e0, volem que arribi la nostra esperan\u00e7a, per\u00f2 hem de viure sabent que arribar\u00e0 i esperant-la, mentre ens estimem els uns a les altres.<\/p>\n<p><strong><span style=\"text-decoration: underline;\"><span style=\"color: #0000ff; text-decoration: underline;\">Divendres, 18 de setembre<\/span><\/span><\/strong><\/p>\n<p>1 Pere 1, 3-9<br \/>\nAmb goig enfrontarem les dificultats, amb fe combatrem les nostres batalles, perqu\u00e8 sabem que all\u00f2 que esperem vindr\u00e0, \u00e9s una nova vida que palpita en el cor de D\u00e9u, una vida que s\u2019ofereix gratu\u00eftament i que arribar\u00e0 a la seva plenitud. Amb fe acollim la salvaci\u00f3 i ens encaminem cap a la nostra esperan\u00e7a.<\/p>\n<p><strong><span style=\"text-decoration: underline;\"><span style=\"color: #0000ff; text-decoration: underline;\">Dissabte, 19 de setembre<\/span><\/span><\/strong><\/p>\n<p>1 Pere 1, 13-21<br \/>\nEn D\u00e9u hem posat la nostra esperan\u00e7a, en ell alimentem la nostra fe, perqu\u00e8 el seu amor ha satisfet les nostres vides. Esperem amb paci\u00e8ncia, amb const\u00e0ncia, treballant per all\u00f2 que sabem que arribar\u00e0, busquem la santedat de les nostres vides perqu\u00e8 seguim aquell que \u00e9s el nostre Pare: el Sant.<\/p>\n<p><strong><span style=\"text-decoration: underline;\"><span style=\"color: #0000ff; text-decoration: underline;\">Diumenge, 20 de setembre<\/span><\/span><\/strong><\/p>\n<p>Salm 54<br \/>\nDemanar\u00e9 a D\u00e9u just\u00edcia, confiar\u00e9 en la seva protecci\u00f3, davant el mal que m\u2019envolta buscar\u00e9 refugi en el Senyor que escolta el meu clam, que para la orella a la meva s\u00faplica. \u00c9s D\u00e9u qui em sost\u00e9, \u00e9s ell qui m\u2019ajuda, esperar\u00e9 la seva salvaci\u00f3, en ell viu la meva esperan\u00e7a.<\/p>\n","protected":false},"excerpt":{"rendered":"<p>Dilluns, 14 de setembre Hebreus 10, 19-24 La nostra esperan\u00e7a \u00e9s veritable, perqu\u00e8 realment D\u00e9u compleix les seves promeses, per aix\u00f2, esfor\u00e7ant-nos en l\u2019amor, cultivant la nostra fe, seguim endavant, conven\u00e7uts de que el Senyor camina amb nosaltres. No estem sols, en Jes\u00fas hem obtingut acc\u00e9s directe al Pare, en ell hem trobat a D\u00e9u. [&hellip;]<\/p>\n","protected":false},"author":1,"featured_media":0,"comment_status":"open","ping_status":"open","sticky":false,"template":"","format":"standard","meta":{"_jetpack_memberships_contains_paid_content":false,"footnotes":""},"categories":[7],"tags":[],"class_list":["post-1349","post","type-post","status-publish","format-standard","hentry","category-meditacions-diaries"],"jetpack_sharing_enabled":true,"jetpack_featured_media_url":"","_links":{"self":[{"href":"https:\/\/eec.cat\/blog\/wp-json\/wp\/v2\/posts\/1349","targetHints":{"allow":["GET"]}}],"collection":[{"href":"https:\/\/eec.cat\/blog\/wp-json\/wp\/v2\/posts"}],"about":[{"href":"https:\/\/eec.cat\/blog\/wp-json\/wp\/v2\/types\/post"}],"author":[{"embeddable":true,"href":"https:\/\/eec.cat\/blog\/wp-json\/wp\/v2\/users\/1"}],"replies":[{"embeddable":true,"href":"https:\/\/eec.cat\/blog\/wp-json\/wp\/v2\/comments?post=1349"}],"version-history":[{"count":0,"href":"https:\/\/eec.cat\/blog\/wp-json\/wp\/v2\/posts\/1349\/revisions"}],"wp:attachment":[{"href":"https:\/\/eec.cat\/blog\/wp-json\/wp\/v2\/media?parent=1349"}],"wp:term":[{"taxonomy":"category","embeddable":true,"href":"https:\/\/eec.cat\/blog\/wp-json\/wp\/v2\/categories?post=1349"},{"taxonomy":"post_tag","embeddable":true,"href":"https:\/\/eec.cat\/blog\/wp-json\/wp\/v2\/tags?post=1349"}],"curies":[{"name":"wp","href":"https:\/\/api.w.org\/{rel}","templated":true}]}}