{"id":1335,"date":"2015-08-30T20:03:11","date_gmt":"2015-08-30T20:03:11","guid":{"rendered":"http:\/\/eec.cat\/blog\/?p=1335"},"modified":"2015-08-30T20:04:20","modified_gmt":"2015-08-30T20:04:20","slug":"dia-a-dia-31-dagost-6-de-setembre-2015","status":"publish","type":"post","link":"https:\/\/eec.cat\/blog\/dia-a-dia-31-dagost-6-de-setembre-2015\/","title":{"rendered":"Dia a Dia. 31 d\u00b4agost &#8211; 6 de setembre 2015"},"content":{"rendered":"<p><strong><span style=\"text-decoration: underline;\"><span style=\"color: #0000ff; text-decoration: underline;\"><a href=\"http:\/\/eec.cat\/blog\/wp-content\/uploads\/2015\/03\/CAM00186.jpg\"><img loading=\"lazy\" decoding=\"async\" class=\"alignleft size-thumbnail wp-image-1100\" src=\"http:\/\/eec.cat\/blog\/wp-content\/uploads\/2015\/03\/CAM00186-150x150.jpg\" alt=\"CAM00186\" width=\"150\" height=\"150\" \/><\/a>Dilluns, 31 d\u2019agost<\/span><\/span><\/strong><\/p>\n<p>1 Tessalonicencs 5, 5-8<br \/>\nTinc una cuirassa, teixida amb el perd\u00f3 i la miseric\u00f2rdia del Senyor, tinc una cuirassa que em permet enfrontar-me a les dificultats, a les pen\u00faries. Tinc una cuirassa d\u2019amor que m\u2019empeny dia a dia per treballar per un m\u00f3n millor. Estic plena de l\u2019amor de D\u00e9u, estic disposada a compartir-lo.<\/p>\n<p><strong><span style=\"text-decoration: underline;\"><span style=\"color: #0000ff; text-decoration: underline;\">Dimarts, 1 de setembre<\/span><\/span><\/strong><\/p>\n<p>Mateu 12, 15-21<br \/>\nLa nostra esperan\u00e7a \u00e9s que el nou m\u00f3n inaugurat en Jes\u00fas es faci realitat per a tothom, un m\u00f3n de just\u00edcia i de pau. La nostra esperan\u00e7a \u00e9s l\u2019arribada plena del regne de D\u00e9u que transformar\u00e0 aquesta terra en un espai de llibertat i d\u2019harmonia per a tota la creaci\u00f3.<\/p>\n<p><strong><span style=\"text-decoration: underline;\"><span style=\"color: #0000ff; text-decoration: underline;\">Dimecres, 2 de setembre<\/span><\/span><\/strong><\/p>\n<p>Joan 5, 1-9<br \/>\nOn posem la nostra esperan\u00e7a? En qu\u00e8 depositem la nostra confian\u00e7a? El Senyor est\u00e0 disposat a donar-nos forces per tirar endavant, en ajudar-nos per a seguir caminant, \u00e9s en ell que hem de depositar la nostra esperan\u00e7a, perqu\u00e8 ell \u00e9s fidel a les seves promeses. En ell caminarem.<br \/>\nDijous, 3 de setembre<\/p>\n<p><strong><span style=\"text-decoration: underline;\"><span style=\"color: #0000ff; text-decoration: underline;\">Romans 8, 18-25<\/span><\/span><\/strong><br \/>\nGemeguem amb una terra que plora, esperem a una natura que vol ser alliberada, confiem en l\u2019esperan\u00e7a promesa de que hi haur\u00e0 un m\u00f3n millor, ho esperem i ho anhelem, per aix\u00f2 amb const\u00e0ncia treballem per fer-lo arribar, perqu\u00e8 sabem que el final del cam\u00ed ser\u00e0 la just\u00edcia i la llibertat.<\/p>\n<p><strong><span style=\"text-decoration: underline;\"><span style=\"color: #0000ff; text-decoration: underline;\">Divendres, 4 de setembre<\/span><\/span><\/strong><\/p>\n<p>Romans 12, 12-21<br \/>\nL\u2019esperan\u00e7a ens ha d\u2019omplir de goig, ens ha de donar forces per treballar i estimar, l\u2019esperan\u00e7a ens ofereix la capacitat de transformar la nostra realitat, perqu\u00e8 sabem que hi ha una altre manera de viure, inspirada en Jes\u00fas de Natzaret, i que seguint les seves passes podrem canviar la vida dels que ens envolten.<\/p>\n<p><strong><span style=\"text-decoration: underline;\"><span style=\"color: #0000ff; text-decoration: underline;\">Dissabte, 5 de setembre<\/span><\/span><\/strong><\/p>\n<p>Efesis 1, 12-14<br \/>\nLa nostra esperan\u00e7a est\u00e0 posada en el Crist, i el seu Esperit ens confirma que arribar\u00e0, vindran la just\u00edcia i la pau a regnar en aquest m\u00f3n, el goig i l\u2019alegria viuran al cor de tota la humanitat. En la seva paraula confiem, perqu\u00e8 sabem que D\u00e9u complir\u00e0 totes les seves promeses.<\/p>\n<p><strong><span style=\"text-decoration: underline;\"><span style=\"color: #0000ff; text-decoration: underline;\">Diumenge, 6 de setembre<\/span><\/span><\/strong><\/p>\n<p>Salm 146<br \/>\nCantar\u00e9 al Senyor perqu\u00e8 ha omplert la meva vida d\u2019esperan\u00e7a. En ell confiar\u00e9 perqu\u00e8 la seva fidelitat \u00e9s per sempre. Amb ell treballar\u00e9 per omplir el m\u00f3n de la seva just\u00edcia, i la terra de la veritable pau. Que vingui a nosaltres el seu regne, que es faci realitat per a tota la humanitat.<\/p>\n","protected":false},"excerpt":{"rendered":"<p>Dilluns, 31 d\u2019agost 1 Tessalonicencs 5, 5-8 Tinc una cuirassa, teixida amb el perd\u00f3 i la miseric\u00f2rdia del Senyor, tinc una cuirassa que em permet enfrontar-me a les dificultats, a les pen\u00faries. Tinc una cuirassa d\u2019amor que m\u2019empeny dia a dia per treballar per un m\u00f3n millor. Estic plena de l\u2019amor de D\u00e9u, estic disposada [&hellip;]<\/p>\n","protected":false},"author":1,"featured_media":0,"comment_status":"open","ping_status":"open","sticky":false,"template":"","format":"standard","meta":{"_jetpack_memberships_contains_paid_content":false,"footnotes":""},"categories":[7],"tags":[],"class_list":["post-1335","post","type-post","status-publish","format-standard","hentry","category-meditacions-diaries"],"jetpack_sharing_enabled":true,"jetpack_featured_media_url":"","_links":{"self":[{"href":"https:\/\/eec.cat\/blog\/wp-json\/wp\/v2\/posts\/1335","targetHints":{"allow":["GET"]}}],"collection":[{"href":"https:\/\/eec.cat\/blog\/wp-json\/wp\/v2\/posts"}],"about":[{"href":"https:\/\/eec.cat\/blog\/wp-json\/wp\/v2\/types\/post"}],"author":[{"embeddable":true,"href":"https:\/\/eec.cat\/blog\/wp-json\/wp\/v2\/users\/1"}],"replies":[{"embeddable":true,"href":"https:\/\/eec.cat\/blog\/wp-json\/wp\/v2\/comments?post=1335"}],"version-history":[{"count":0,"href":"https:\/\/eec.cat\/blog\/wp-json\/wp\/v2\/posts\/1335\/revisions"}],"wp:attachment":[{"href":"https:\/\/eec.cat\/blog\/wp-json\/wp\/v2\/media?parent=1335"}],"wp:term":[{"taxonomy":"category","embeddable":true,"href":"https:\/\/eec.cat\/blog\/wp-json\/wp\/v2\/categories?post=1335"},{"taxonomy":"post_tag","embeddable":true,"href":"https:\/\/eec.cat\/blog\/wp-json\/wp\/v2\/tags?post=1335"}],"curies":[{"name":"wp","href":"https:\/\/api.w.org\/{rel}","templated":true}]}}