{"id":133,"date":"2013-06-21T09:51:37","date_gmt":"2013-06-21T09:51:37","guid":{"rendered":"http:\/\/eec.cat\/blog\/?p=133"},"modified":"2026-04-05T19:27:41","modified_gmt":"2026-04-05T18:27:41","slug":"secretari-general-del-cme-felicta-desmond-tutu-al-rebre-el-premi-templeton","status":"publish","type":"post","link":"https:\/\/eec.cat\/blog\/secretari-general-del-cme-felicta-desmond-tutu-al-rebre-el-premi-templeton\/","title":{"rendered":"Secretari general del CME felicita Desmond Tutu al rebre el Premi Templeton"},"content":{"rendered":"<p><em>Not\u00edcies del Consell Mundial d\u2019Esgl\u00e9sies<\/em><\/p>\n<p><em>20 juny 2013<\/em><\/p>\n<figure id=\"attachment_134\" aria-describedby=\"caption-attachment-134\" style=\"width: 300px\" class=\"wp-caption alignleft\"><img loading=\"lazy\" decoding=\"async\" class=\"size-medium wp-image-134\" alt=\"Desmond Tutu a la Celebraci\u00f3 Ecum\u00e8nica de Servei de la Catedral de Copenhaguen, a Dinamarca, 2009. CMI\/Peter Williams. \" src=\"http:\/\/eec.cat\/blog\/wp-content\/uploads\/2013\/07\/tutu-300x220.jpg\" width=\"300\" height=\"220\" srcset=\"https:\/\/eec.cat\/blog\/wp-content\/uploads\/2013\/07\/tutu-300x220.jpg 300w, https:\/\/eec.cat\/blog\/wp-content\/uploads\/2013\/07\/tutu.jpg 351w\" sizes=\"auto, (max-width: 300px) 100vw, 300px\" \/><figcaption id=\"caption-attachment-134\" class=\"wp-caption-text\">Desmond Tutu a la Celebraci\u00f3 Ecum\u00e8nica de Servei de la Catedral de Copenhaguen, a Dinamarca, 2009. CMI\/Peter Williams.<\/figcaption><\/figure>\n<p><strong>Arquebisbe Desmond Tutu ha estat guardonat amb el Premi Templeton 2013 en reconeixement a tota la seva carrera en l&#8217;avan\u00e7 dels principis espirituals de l&#8217;esperan\u00e7a, la reconciliaci\u00f3 i el perd\u00f3, sobretot per ajudar a posar fi a l&#8217;era de l&#8217;apartheid a Sud-\u00e0frica.<\/strong><\/p>\n<p>El Consell Mundial d&#8217;Esgl\u00e9sies (CME), Rev Dr Olav Fykse Tveit, va expressar el seu agra\u00efment per la tasca de Tutu, felicitant al guanyador del premi Nobel, membre del personal del CME, i l&#8217;exsecretari general del Consell d&#8217;Esgl\u00e9sies de Sud-\u00e0frica, en rebre el Premi.<\/p>\n<p>Templeton Tutu va rebre el premi en una cerim\u00f2nia el 21 de maig que es va celebrar al Guildhall de Londres.<\/p>\n<p>L&#8217;ex arquebisbe anglic\u00e0 de Ciutat del Cap, Desmond Tutu \u00e9s conegut per la seva posici\u00f3 dins de l&#8217;esgl\u00e9sia en els anys 1970 i 1980 per posar fi a les pol\u00edtiques d&#8217;apartheid a Sud-\u00e0frica. Va presidir la Comissi\u00f3 de Veritat i Reconciliaci\u00f3 a 1990, que va ajudar el pa\u00eds a superar les divisions i fer una transici\u00f3 a la democr\u00e0cia.<\/p>\n<p>Tutu ha advocat pels drets humans, la just\u00edcia clim\u00e0tica i el di\u00e0leg en tot el m\u00f3n. Es va involucrar amb el CME en q\u00fcestions de viol\u00e8ncia, el racisme i en la promoci\u00f3 de la unitat cristiana.<\/p>\n<p>Acullint amb satisfacci\u00f3 la not\u00edcia de l&#8217;honra de Tutu, Tveit va expressar la seva admiraci\u00f3 pel seu &#8220;comprom\u00eds a llarg termini per la just\u00edcia i la pau&#8221;.<\/p>\n<p>&#8220;L&#8217;arquebisbe Desmond Tutu \u00e9s un l\u00edder mundial, que va portar als valors cristians de la imago dei, format a imatge de D\u00e9u, i el concepte afric\u00e0 de ubuntu, que implica sacralitat de tota la humanitat, a l&#8217;avantguarda de les lluites pol\u00edtiques per alliberar les persones &#8221; , va dir Tveit.<\/p>\n<p>&#8220;En nom de l&#8217;esgl\u00e9sia mundial, que ha estat molt influ\u00eft per la direcci\u00f3 de l&#8217;arquebisbe, vull expressar les meves m\u00e9s sinceres felicitacions a ell en rebre aquest premi&#8221;, ha afegit.<\/p>\n<p>El Premi Templeton, creat el 1972 per Sir John Templeton, un inversor global i filantrop, celebra les contribucions excepcionals de les persones vives a &#8220;l&#8217;afirmaci\u00f3 de la dimensi\u00f3 espiritual de la vida, ja sigui a trav\u00e9s d&#8217;una visi\u00f3, descobriment, o treballs pr\u00e0ctics.&#8221;<\/p>\n<div><\/div>\n","protected":false},"excerpt":{"rendered":"<p>Not\u00edcies del Consell Mundial d\u2019Esgl\u00e9sies 20 juny 2013 Arquebisbe Desmond Tutu ha estat guardonat amb el Premi Templeton 2013 en reconeixement a tota la seva carrera en l&#8217;avan\u00e7 dels principis espirituals de l&#8217;esperan\u00e7a, la reconciliaci\u00f3 i el perd\u00f3, sobretot per ajudar a posar fi a l&#8217;era de l&#8217;apartheid a Sud-\u00e0frica. El Consell Mundial d&#8217;Esgl\u00e9sies (CME), [&hellip;]<\/p>\n","protected":false},"author":1,"featured_media":0,"comment_status":"open","ping_status":"open","sticky":false,"template":"","format":"standard","meta":{"_jetpack_memberships_contains_paid_content":false,"footnotes":""},"categories":[4],"tags":[19,20],"class_list":["post-133","post","type-post","status-publish","format-standard","hentry","category-noticies","tag-desmond-tutu","tag-premi-templeton"],"jetpack_sharing_enabled":true,"jetpack_featured_media_url":"","_links":{"self":[{"href":"https:\/\/eec.cat\/blog\/wp-json\/wp\/v2\/posts\/133","targetHints":{"allow":["GET"]}}],"collection":[{"href":"https:\/\/eec.cat\/blog\/wp-json\/wp\/v2\/posts"}],"about":[{"href":"https:\/\/eec.cat\/blog\/wp-json\/wp\/v2\/types\/post"}],"author":[{"embeddable":true,"href":"https:\/\/eec.cat\/blog\/wp-json\/wp\/v2\/users\/1"}],"replies":[{"embeddable":true,"href":"https:\/\/eec.cat\/blog\/wp-json\/wp\/v2\/comments?post=133"}],"version-history":[{"count":1,"href":"https:\/\/eec.cat\/blog\/wp-json\/wp\/v2\/posts\/133\/revisions"}],"predecessor-version":[{"id":2725,"href":"https:\/\/eec.cat\/blog\/wp-json\/wp\/v2\/posts\/133\/revisions\/2725"}],"wp:attachment":[{"href":"https:\/\/eec.cat\/blog\/wp-json\/wp\/v2\/media?parent=133"}],"wp:term":[{"taxonomy":"category","embeddable":true,"href":"https:\/\/eec.cat\/blog\/wp-json\/wp\/v2\/categories?post=133"},{"taxonomy":"post_tag","embeddable":true,"href":"https:\/\/eec.cat\/blog\/wp-json\/wp\/v2\/tags?post=133"}],"curies":[{"name":"wp","href":"https:\/\/api.w.org\/{rel}","templated":true}]}}