{"id":1329,"date":"2015-08-25T07:06:46","date_gmt":"2015-08-25T07:06:46","guid":{"rendered":"http:\/\/eec.cat\/blog\/?p=1329"},"modified":"2015-08-25T07:06:46","modified_gmt":"2015-08-25T07:06:46","slug":"benediccio","status":"publish","type":"post","link":"https:\/\/eec.cat\/blog\/benediccio\/","title":{"rendered":"Benedicci\u00f3"},"content":{"rendered":"<p style=\"text-align: center;\">\n<p style=\"text-align: center;\"><a href=\"http:\/\/eec.cat\/blog\/wp-content\/uploads\/2015\/08\/panatano.jpg\"><img loading=\"lazy\" decoding=\"async\" class=\"aligncenter size-large wp-image-1330\" src=\"http:\/\/eec.cat\/blog\/wp-content\/uploads\/2015\/08\/panatano-1024x448.jpg\" alt=\"panatano\" width=\"1024\" height=\"448\" srcset=\"https:\/\/eec.cat\/blog\/wp-content\/uploads\/2015\/08\/panatano-1024x448.jpg 1024w, https:\/\/eec.cat\/blog\/wp-content\/uploads\/2015\/08\/panatano-300x131.jpg 300w, https:\/\/eec.cat\/blog\/wp-content\/uploads\/2015\/08\/panatano.jpg 1472w\" sizes=\"auto, (max-width: 1024px) 100vw, 1024px\" \/><\/a><\/p>\n<p style=\"text-align: center;\">Que D\u00e9u et beneeixi amb la incomoditat<br \/>\nper les respostes f\u00e0cils, les mitges veritats,<br \/>\ni les relacions personals superficials<br \/>\nperqu\u00e8 puguis viure profundament en el teu cor<\/p>\n<p style=\"text-align: center;\">Que D\u00e9u et beneeixi amb la rabia<br \/>\ncontra la injust\u00edcia, l&#8217;opressi\u00f3 i l&#8217;explotaci\u00f3<br \/>\nde la gent, perqu\u00e8 puguis treballar<br \/>\nper la just\u00edcia, la llibertat i la pau<\/p>\n<p style=\"text-align: center;\">Que D\u00e9u et beneeixi amb ll\u00e0grimes<br \/>\nper vessar pels que sofreixen dolor, rebuig,<br \/>\nfam i guerra,de manera que puguis estendre la teva m\u00e0<br \/>\nper consolar-los i convertir el seu dolor en alegria<\/p>\n<p style=\"text-align: center;\">I que D\u00e9u et beneeixi amb molta ximpleria<br \/>\nper creure que tu pots fer una difer\u00e8ncia al m\u00f3n,<br \/>\nperqu\u00e8 puguis fer el que uns altres diuen que \u00e9s impossible,<br \/>\nper portar just\u00edcia i bondat a tots els nostres fills, filles i als pobres.<\/p>\n<p style=\"text-align: center;\">Font: <a href=\"http:\/\/www.gaiar.blogspot.com.es\" target=\"_blank\">www.gaiar.blogspot.com.es<\/a><\/p>\n<p style=\"text-align: center;\">\n","protected":false},"excerpt":{"rendered":"<p>Que D\u00e9u et beneeixi amb la incomoditat per les respostes f\u00e0cils, les mitges veritats, i les relacions personals superficials perqu\u00e8 puguis viure profundament en el teu cor Que D\u00e9u et beneeixi amb la rabia contra la injust\u00edcia, l&#8217;opressi\u00f3 i l&#8217;explotaci\u00f3 de la gent, perqu\u00e8 puguis treballar per la just\u00edcia, la llibertat i la pau Que [&hellip;]<\/p>\n","protected":false},"author":1,"featured_media":0,"comment_status":"open","ping_status":"open","sticky":false,"template":"","format":"standard","meta":{"_jetpack_memberships_contains_paid_content":false,"footnotes":""},"categories":[6],"tags":[],"class_list":["post-1329","post","type-post","status-publish","format-standard","hentry","category-reflexions"],"jetpack_sharing_enabled":true,"jetpack_featured_media_url":"","_links":{"self":[{"href":"https:\/\/eec.cat\/blog\/wp-json\/wp\/v2\/posts\/1329","targetHints":{"allow":["GET"]}}],"collection":[{"href":"https:\/\/eec.cat\/blog\/wp-json\/wp\/v2\/posts"}],"about":[{"href":"https:\/\/eec.cat\/blog\/wp-json\/wp\/v2\/types\/post"}],"author":[{"embeddable":true,"href":"https:\/\/eec.cat\/blog\/wp-json\/wp\/v2\/users\/1"}],"replies":[{"embeddable":true,"href":"https:\/\/eec.cat\/blog\/wp-json\/wp\/v2\/comments?post=1329"}],"version-history":[{"count":0,"href":"https:\/\/eec.cat\/blog\/wp-json\/wp\/v2\/posts\/1329\/revisions"}],"wp:attachment":[{"href":"https:\/\/eec.cat\/blog\/wp-json\/wp\/v2\/media?parent=1329"}],"wp:term":[{"taxonomy":"category","embeddable":true,"href":"https:\/\/eec.cat\/blog\/wp-json\/wp\/v2\/categories?post=1329"},{"taxonomy":"post_tag","embeddable":true,"href":"https:\/\/eec.cat\/blog\/wp-json\/wp\/v2\/tags?post=1329"}],"curies":[{"name":"wp","href":"https:\/\/api.w.org\/{rel}","templated":true}]}}