{"id":1325,"date":"2015-08-24T06:19:59","date_gmt":"2015-08-24T06:19:59","guid":{"rendered":"http:\/\/eec.cat\/blog\/?p=1325"},"modified":"2015-08-24T06:20:46","modified_gmt":"2015-08-24T06:20:46","slug":"dia-a-dia-24-dagost-30-dagost-2015","status":"publish","type":"post","link":"https:\/\/eec.cat\/blog\/dia-a-dia-24-dagost-30-dagost-2015\/","title":{"rendered":"Dia a Dia. 24 d\u00b4agost &#8211; 30 d\u00b4agost 2015"},"content":{"rendered":"<p><strong><span style=\"text-decoration: underline;\"><span style=\"color: #0000ff; text-decoration: underline;\"><a href=\"http:\/\/eec.cat\/blog\/wp-content\/uploads\/2015\/08\/edifgas.jpg\"><img loading=\"lazy\" decoding=\"async\" class=\"alignleft size-thumbnail wp-image-1326\" src=\"http:\/\/eec.cat\/blog\/wp-content\/uploads\/2015\/08\/edifgas-150x150.jpg\" alt=\"edifgas\" width=\"150\" height=\"150\" \/><\/a>Dilluns, 24 d\u2019agost<\/span><\/span><\/strong><\/p>\n<p>2 Corintis 6, 3-10<br \/>\nEn mig dels patiments, del dolor, dels cops que la vida ens d\u00f3na, en mig de les dificultats i els problemes hem de ser constants en l\u2019amor, perqu\u00e8 l\u2019amor de D\u00e9u ens consola, per\u00f2 tamb\u00e9 ens impulsa a superar els tr\u00e0ngols de la vida. Tirarem endavant, amb fe i amor cap a la nostra esperan\u00e7a.<\/p>\n<p><strong><span style=\"text-decoration: underline;\"><span style=\"color: #0000ff; text-decoration: underline;\">Dimarts, 25 d\u2019agost<\/span><\/span><\/strong><\/p>\n<p>2 Corintis 8, 8-15<br \/>\nL\u2019amor es demostra amb accions concretes, amb donacions generoses d\u2019all\u00f2 que som, per\u00f2 tamb\u00e9 d\u2019all\u00f2 que tenim. Estimar vol dir preocupar-se pels pobres, pels que passen necessitat, vol dir assumir com a nostra la pen\u00faria dels altres. L\u2019amor demana que compartim amb els que ho necessiten.<\/p>\n<p><strong><span style=\"text-decoration: underline;\"><span style=\"color: #0000ff; text-decoration: underline;\">Dimecres, 26 d\u2019agost<\/span><\/span><\/strong><\/p>\n<p>2 Corintis 11, 7-11<br \/>\nEstimar vol dir acceptar les males accions dels altres, vol dir perdonar davant l\u2019ofensa. M\u2019omple el cor de tristesa pensar en l\u2019ap\u00f2stol Pau, passant necessitats a Corinti, mentre l\u2019esgl\u00e9sia no s\u2019adonava, o no volia adonar-se, per\u00f2 la seva reacci\u00f3 \u00e9s perdonar, mogut per l\u2019amor que els hi t\u00e9. Igual que ell va ser perdonat per D\u00e9u perdona als que l\u2019han of\u00e8s, aix\u00f2 \u00e9s estimar.<\/p>\n<p><strong><span style=\"text-decoration: underline;\"><span style=\"color: #0000ff; text-decoration: underline;\">Dijous, 27 d\u2019agost<\/span><\/span><\/strong><\/p>\n<p>Efesis 3, 14-21<br \/>\nGl\u00f2ria a D\u00e9u, pel seu gran amor, per l\u2019immens de la seva miseric\u00f2rdia. Qui pot abastar la grand\u00e0ria del seu amor? Qui pot entendre la profunditat amb la que ens estima? No hi ha ment capa\u00e7 de copsar-ho, no hi ha intel\u00b7lig\u00e8ncia suficient per explicar-ho. El misteri del seu amor solament el trobarem revelat en el seu Esperit.<\/p>\n<p><strong><span style=\"text-decoration: underline;\"><span style=\"color: #0000ff; text-decoration: underline;\">Divendres, 28 d\u2019agost<\/span><\/span><\/strong><\/p>\n<p>1 Tessalonicencs 3, 12-13<br \/>\nNo hi ha res m\u00e9s gran que l\u2019amor de D\u00e9u, arribar a aquesta plenitud ha de ser el nostre desig, que l\u2019amor creixi en nosaltres fins a vesar. Estimar als germans i les germanes, estimar els nostres enemics, tindre amor pels que pateixen, d\u2019aix\u00f2 hem d\u2019omplir el nostre cor i la nostra vida.<\/p>\n<p><strong><span style=\"text-decoration: underline;\"><span style=\"color: #0000ff; text-decoration: underline;\">Dissabte, 29 d\u2019agost<\/span><\/span><\/strong><\/p>\n<p>1 Tessalonicencs 1, 2-6<br \/>\nVull estimar incansablement, vull treballar per l\u2019amor i en amor, vull Senyor donar tot all\u00f2 que he rebut de tu, per aix\u00f2 davant el dolor, davant aquell que m\u2019ha fet mal, vull estimar, perqu\u00e8 aix\u00f2 \u00e9s el que he apr\u00e9s. No deixis d\u2019oferir-me els teus dons, ensenya\u2019m a compartir-los sempre.<\/p>\n<p><strong><span style=\"text-decoration: underline;\"><span style=\"color: #0000ff; text-decoration: underline;\">Diumenge, 30 d\u2019agost<\/span><\/span><\/strong><\/p>\n<p>Salm 46<br \/>\nEl nostre baluard \u00e9s el D\u00e9u totpoder\u00f3s, que ens estima amb l\u2019amor m\u00e9s gran, no trontollarem, no tremolarem, enfrontarem la dificultat empesos per la fe, guiats per l\u2019amor que hem rebut, conven\u00e7uts de que ja arriba la nostra esperan\u00e7a.<\/p>\n","protected":false},"excerpt":{"rendered":"<p>Dilluns, 24 d\u2019agost 2 Corintis 6, 3-10 En mig dels patiments, del dolor, dels cops que la vida ens d\u00f3na, en mig de les dificultats i els problemes hem de ser constants en l\u2019amor, perqu\u00e8 l\u2019amor de D\u00e9u ens consola, per\u00f2 tamb\u00e9 ens impulsa a superar els tr\u00e0ngols de la vida. Tirarem endavant, amb fe [&hellip;]<\/p>\n","protected":false},"author":1,"featured_media":0,"comment_status":"open","ping_status":"open","sticky":false,"template":"","format":"standard","meta":{"_jetpack_memberships_contains_paid_content":false,"footnotes":""},"categories":[7],"tags":[],"class_list":["post-1325","post","type-post","status-publish","format-standard","hentry","category-meditacions-diaries"],"jetpack_sharing_enabled":true,"jetpack_featured_media_url":"","_links":{"self":[{"href":"https:\/\/eec.cat\/blog\/wp-json\/wp\/v2\/posts\/1325","targetHints":{"allow":["GET"]}}],"collection":[{"href":"https:\/\/eec.cat\/blog\/wp-json\/wp\/v2\/posts"}],"about":[{"href":"https:\/\/eec.cat\/blog\/wp-json\/wp\/v2\/types\/post"}],"author":[{"embeddable":true,"href":"https:\/\/eec.cat\/blog\/wp-json\/wp\/v2\/users\/1"}],"replies":[{"embeddable":true,"href":"https:\/\/eec.cat\/blog\/wp-json\/wp\/v2\/comments?post=1325"}],"version-history":[{"count":0,"href":"https:\/\/eec.cat\/blog\/wp-json\/wp\/v2\/posts\/1325\/revisions"}],"wp:attachment":[{"href":"https:\/\/eec.cat\/blog\/wp-json\/wp\/v2\/media?parent=1325"}],"wp:term":[{"taxonomy":"category","embeddable":true,"href":"https:\/\/eec.cat\/blog\/wp-json\/wp\/v2\/categories?post=1325"},{"taxonomy":"post_tag","embeddable":true,"href":"https:\/\/eec.cat\/blog\/wp-json\/wp\/v2\/tags?post=1325"}],"curies":[{"name":"wp","href":"https:\/\/api.w.org\/{rel}","templated":true}]}}