{"id":1290,"date":"2015-07-19T22:29:41","date_gmt":"2015-07-19T22:29:41","guid":{"rendered":"http:\/\/eec.cat\/blog\/?p=1290"},"modified":"2015-07-19T22:30:21","modified_gmt":"2015-07-19T22:30:21","slug":"dia-a-dia-20-de-juliol-26-de-juliol-2015","status":"publish","type":"post","link":"https:\/\/eec.cat\/blog\/dia-a-dia-20-de-juliol-26-de-juliol-2015\/","title":{"rendered":"Dia a Dia. 20 de juliol &#8211; 26 de juliol 2015"},"content":{"rendered":"<p><strong><span style=\"text-decoration: underline;\"><span style=\"color: #0000ff; text-decoration: underline;\"><a href=\"http:\/\/eec.cat\/blog\/wp-content\/uploads\/2013\/07\/portbou.jpg\"><img loading=\"lazy\" decoding=\"async\" class=\"alignleft size-thumbnail wp-image-210\" src=\"http:\/\/eec.cat\/blog\/wp-content\/uploads\/2013\/07\/portbou-150x150.jpg\" alt=\"portbou\" width=\"150\" height=\"150\" \/><\/a>Dilluns, 20 de juliol<\/span><\/span><\/strong><\/p>\n<p>G\u00e0lates 2, 19-21<br \/>\nS\u00e9 que no hi ha res que pugui fer per mer\u00e8ixer el perd\u00f3 de D\u00e9u, s\u00e9 que per m\u00e9s que m\u2019esforci no podr\u00e9 compensar les meves faltes; per\u00f2 tamb\u00e9 s\u00e9 que el Senyor no busca de mi aquest intents, per fe he acceptat que D\u00e9u m\u2019estima i he cregut que ha sortit a buscar-me en el seu Fill, en qui he trobat la seva miseric\u00f2rdia.<\/p>\n<p><strong><span style=\"text-decoration: underline;\"><span style=\"color: #0000ff; text-decoration: underline;\">Dimarts, 21 de juliol<\/span><\/span><\/strong><\/p>\n<p>G\u00e0lates 3, 6-14<br \/>\nAmb fe esperar\u00e9 el compliment de les promeses, amb fe reposar\u00e9 en el Senyor que sempre ha sigut fidel. En aquesta fe he sigut feta la seva filla, i per aix\u00f2 treballar\u00e9 per a ser de benedicci\u00f3 a tots i totes les que m\u2019envolten.<\/p>\n<p><strong><span style=\"text-decoration: underline;\"><span style=\"color: #0000ff; text-decoration: underline;\">Dimecres, 22 de juliol<\/span><\/span><\/strong><\/p>\n<p>G\u00e0lates 3, 23-29<br \/>\nLa fe que compartim ens ha fet a totes i tots un en Jes\u00fas, el Fill de D\u00e9u; aquesta fe ha d\u2019unir-nos cada dia m\u00e9s, per a ser realment benedicci\u00f3, per seguir caminant en la promesa i portar arreu del m\u00f3n l\u2019amor del Senyor.<\/p>\n<p><strong><span style=\"text-decoration: underline;\"><span style=\"color: #0000ff; text-decoration: underline;\">Dijous, 23 de juliol<\/span><\/span><\/strong><\/p>\n<p>G\u00e0lates 5, 5-6<br \/>\nPer la fe he rebut la just\u00edcia de D\u00e9u, per la fe treballar\u00e9 amb l\u2019amor; descansar\u00e0 la meva confian\u00e7a en D\u00e9u, perqu\u00e8 ell gui\u00ef les meves passes, perqu\u00e8 ell em porti pels seus camins, i tirar\u00e9 endavant confiada en que ell tamb\u00e9 far\u00e0 arribar la nostra esperan\u00e7a.<\/p>\n<p><strong><span style=\"text-decoration: underline;\"><span style=\"color: #0000ff; text-decoration: underline;\">Divendres, 24 de juliol<\/span><\/span><\/strong><\/p>\n<p>Efesis 2, 8-10<br \/>\nCuidar\u00e9 la meva fe, perqu\u00e8 \u00e9s un regal de D\u00e9u, cada dia l\u2019alimentar\u00e9 de la paraula del Senyor, la banyar\u00e9 del seu perd\u00f3, l\u2019arropar\u00e9 amb la seva miseric\u00f2rdia Acaronar\u00e9 la meva fe amb l\u2019amor del Senyor, i la far\u00e9 treballar per aconseguir un m\u00f3n millor.<\/p>\n<p><strong><span style=\"text-decoration: underline;\"><span style=\"color: #0000ff; text-decoration: underline;\">Dissabte, 25 de juliol<\/span><\/span><\/strong><\/p>\n<p>Efesis 4, 1-6<br \/>\nLa meva fe \u00e9s tamb\u00e9 la teva, la teva fe \u00e9s tamb\u00e9 la de l\u2019altre, per aix\u00f2, perqu\u00e8 tenim un Senyor, perqu\u00e8 hem estat revestides del mateix bateig, \u00e9s que som el poble de D\u00e9u, filles i fills del mateix Pare, que ens ha engendrat en amor per dur a tot el m\u00f3n la seva benedicci\u00f3.<\/p>\n<p><strong><span style=\"text-decoration: underline;\"><span style=\"color: #0000ff; text-decoration: underline;\">Diumenge, 26 de juliol<\/span><\/span><\/strong><\/p>\n<p>Salm 14<br \/>\nAmb fe espero la just\u00edcia de D\u00e9u, la seva salvaci\u00f3 pels desvalguts i els pobres. Amb fe treballo per omplir aquest m\u00f3n de la pau del Senyor, de l\u2019harmonia del seu amor. Esperar\u00e9 confiada, reposar\u00e9 amb tranquil\u00b7litat, perqu\u00e8 s\u00e9 que D\u00e9u vindicar\u00e0 al que pateix la injust\u00edcia i omplir\u00e0 de dolcesa la vida dels oprimits.<\/p>\n","protected":false},"excerpt":{"rendered":"<p>Dilluns, 20 de juliol G\u00e0lates 2, 19-21 S\u00e9 que no hi ha res que pugui fer per mer\u00e8ixer el perd\u00f3 de D\u00e9u, s\u00e9 que per m\u00e9s que m\u2019esforci no podr\u00e9 compensar les meves faltes; per\u00f2 tamb\u00e9 s\u00e9 que el Senyor no busca de mi aquest intents, per fe he acceptat que D\u00e9u m\u2019estima i he [&hellip;]<\/p>\n","protected":false},"author":1,"featured_media":0,"comment_status":"open","ping_status":"open","sticky":false,"template":"","format":"standard","meta":{"_jetpack_memberships_contains_paid_content":false,"footnotes":""},"categories":[7],"tags":[],"class_list":["post-1290","post","type-post","status-publish","format-standard","hentry","category-meditacions-diaries"],"jetpack_sharing_enabled":true,"jetpack_featured_media_url":"","_links":{"self":[{"href":"https:\/\/eec.cat\/blog\/wp-json\/wp\/v2\/posts\/1290","targetHints":{"allow":["GET"]}}],"collection":[{"href":"https:\/\/eec.cat\/blog\/wp-json\/wp\/v2\/posts"}],"about":[{"href":"https:\/\/eec.cat\/blog\/wp-json\/wp\/v2\/types\/post"}],"author":[{"embeddable":true,"href":"https:\/\/eec.cat\/blog\/wp-json\/wp\/v2\/users\/1"}],"replies":[{"embeddable":true,"href":"https:\/\/eec.cat\/blog\/wp-json\/wp\/v2\/comments?post=1290"}],"version-history":[{"count":0,"href":"https:\/\/eec.cat\/blog\/wp-json\/wp\/v2\/posts\/1290\/revisions"}],"wp:attachment":[{"href":"https:\/\/eec.cat\/blog\/wp-json\/wp\/v2\/media?parent=1290"}],"wp:term":[{"taxonomy":"category","embeddable":true,"href":"https:\/\/eec.cat\/blog\/wp-json\/wp\/v2\/categories?post=1290"},{"taxonomy":"post_tag","embeddable":true,"href":"https:\/\/eec.cat\/blog\/wp-json\/wp\/v2\/tags?post=1290"}],"curies":[{"name":"wp","href":"https:\/\/api.w.org\/{rel}","templated":true}]}}