{"id":1280,"date":"2015-07-12T18:59:37","date_gmt":"2015-07-12T18:59:37","guid":{"rendered":"http:\/\/eec.cat\/blog\/?p=1280"},"modified":"2015-07-12T20:44:22","modified_gmt":"2015-07-12T20:44:22","slug":"dia-a-dia-13-de-juliol-19-de-juliol-2015","status":"publish","type":"post","link":"https:\/\/eec.cat\/blog\/dia-a-dia-13-de-juliol-19-de-juliol-2015\/","title":{"rendered":"Dia a Dia. 13 de juliol &#8211; 19 de juliol 2015"},"content":{"rendered":"<p><strong><span style=\"text-decoration: underline;\"><span style=\"color: #0000ff; text-decoration: underline;\"><a href=\"http:\/\/eec.cat\/blog\/wp-content\/uploads\/2015\/07\/olivo.jpg\"><img loading=\"lazy\" decoding=\"async\" class=\"alignleft size-thumbnail wp-image-1284\" src=\"http:\/\/eec.cat\/blog\/wp-content\/uploads\/2015\/07\/olivo-150x150.jpg\" alt=\"olivo\" width=\"150\" height=\"150\" \/><\/a>Dilluns, 13 de juliol<\/span><\/span><\/strong><\/p>\n<p>Mateu 23, 23-24<br \/>\nQue la meva fe treballi per fer cr\u00e9ixer la just\u00edcia, que la meva fe s\u00e0piga compartir l\u2019amor, que la meva fe recordi sempre la fidelitat del Senyor; en D\u00e9u, en all\u00f2 que ha fet, en com m\u2019ha estimat, perqu\u00e8 sempre ha estat al meu costat, en ell plantar\u00e9 la meva fe per donar fruits de pau.<\/p>\n<p><strong><span style=\"text-decoration: underline;\"><span style=\"color: #0000ff; text-decoration: underline;\">Dimarts, 14 de juliol<\/span><\/span><\/strong><\/p>\n<p>Romans 1, 16-17<br \/>\nLa salvaci\u00f3 del Senyor \u00e9s acollida en fe, en la confian\u00e7a de la seva just\u00edcia, en la valentia del seu regne; en D\u00e9u neix i creix la fe que treballa perqu\u00e8 el seu amor sigui manifestat a tots els pobles.<\/p>\n<p><strong><span style=\"text-decoration: underline;\"><span style=\"color: #0000ff; text-decoration: underline;\">Dimecres, 15 de juliol<\/span><\/span><\/strong><\/p>\n<p>Romans 3, 21-26<br \/>\nNo he sigut jo, ha sigut Jes\u00fas, amb fe abra\u00e7o el perd\u00f3 que a trav\u00e9s d\u2019ell m\u2019ha ofert el Senyor, amb fe treballo perqu\u00e8 la seva salvaci\u00f3 sigui una realitat en mig dels patiments d\u2019aquest m\u00f3n. Per fe segueixo les passes del Fill de D\u00e9u que va caminar entre nosaltres.<\/p>\n<p><strong><span style=\"text-decoration: underline;\"><span style=\"color: #0000ff; text-decoration: underline;\">Dijous, 16 de juliol<\/span><\/span><\/strong><\/p>\n<p>Romans 5, 1-5<br \/>\nAmb la fe lluito en mig de les dificultats, per la fe engendro forces per seguir avan\u00e7ant, encara que el cam\u00ed sigui ple de sots i pedres, amb fe he cregut que D\u00e9u ha volgut rescatar-me i ha vesat sobre meu el seu Esperit que omple la meva fe del seu amor.<\/p>\n<p><strong><span style=\"text-decoration: underline;\"><span style=\"color: #0000ff; text-decoration: underline;\">Divendres, 17 de juliol<\/span><\/span><\/strong><\/p>\n<p>Romans 12, 1-3<br \/>\nAcollo amb gratitud la fe que D\u00e9u m\u2019ha concedit, l\u2019abra\u00e7o i la cuido per que creixi i em doni seny. Que aquest do de D\u00e9u em porti pels seus camins i em faci viure de forma agradable a ell. Amb fe treballo per a comportar-me com una digna filla de D\u00e9u.<\/p>\n<p><strong><span style=\"text-decoration: underline;\"><span style=\"color: #0000ff; text-decoration: underline;\">Dissabte, 18 de juliol<\/span><\/span><\/strong><\/p>\n<p>Romans 14, 1-4<br \/>\nBusco una fe amable, que jutgi, que no critiqui; busco una fe que creixi, que aprengui cada dia quina \u00e9s la voluntat del Senyor; vull una fe sincera i treballadora que acolli al que \u00e9s diferent i que reposi sempre en la miseric\u00f2rdia de D\u00e9u.<\/p>\n<p><strong><span style=\"text-decoration: underline;\"><span style=\"color: #0000ff; text-decoration: underline;\">Diumenge, 19 de juliol<\/span><\/span><\/strong><\/p>\n<p>Salm 89, 20-37<br \/>\nCanto al D\u00e9u de la promesa, que ha mantingut la seva fidelitat; prego al D\u00e9u de la paraula, que alli\u00e7ona la meva vida amb el seu amor. En ell descansen tots els meu dies i la meva fe creix i s\u2019omple de la seva miseric\u00f2rdia.<\/p>\n","protected":false},"excerpt":{"rendered":"<p>Dilluns, 13 de juliol Mateu 23, 23-24 Que la meva fe treballi per fer cr\u00e9ixer la just\u00edcia, que la meva fe s\u00e0piga compartir l\u2019amor, que la meva fe recordi sempre la fidelitat del Senyor; en D\u00e9u, en all\u00f2 que ha fet, en com m\u2019ha estimat, perqu\u00e8 sempre ha estat al meu costat, en ell plantar\u00e9 [&hellip;]<\/p>\n","protected":false},"author":1,"featured_media":0,"comment_status":"open","ping_status":"open","sticky":false,"template":"","format":"standard","meta":{"_jetpack_memberships_contains_paid_content":false,"footnotes":""},"categories":[7],"tags":[],"class_list":["post-1280","post","type-post","status-publish","format-standard","hentry","category-meditacions-diaries"],"jetpack_sharing_enabled":true,"jetpack_featured_media_url":"","_links":{"self":[{"href":"https:\/\/eec.cat\/blog\/wp-json\/wp\/v2\/posts\/1280","targetHints":{"allow":["GET"]}}],"collection":[{"href":"https:\/\/eec.cat\/blog\/wp-json\/wp\/v2\/posts"}],"about":[{"href":"https:\/\/eec.cat\/blog\/wp-json\/wp\/v2\/types\/post"}],"author":[{"embeddable":true,"href":"https:\/\/eec.cat\/blog\/wp-json\/wp\/v2\/users\/1"}],"replies":[{"embeddable":true,"href":"https:\/\/eec.cat\/blog\/wp-json\/wp\/v2\/comments?post=1280"}],"version-history":[{"count":0,"href":"https:\/\/eec.cat\/blog\/wp-json\/wp\/v2\/posts\/1280\/revisions"}],"wp:attachment":[{"href":"https:\/\/eec.cat\/blog\/wp-json\/wp\/v2\/media?parent=1280"}],"wp:term":[{"taxonomy":"category","embeddable":true,"href":"https:\/\/eec.cat\/blog\/wp-json\/wp\/v2\/categories?post=1280"},{"taxonomy":"post_tag","embeddable":true,"href":"https:\/\/eec.cat\/blog\/wp-json\/wp\/v2\/tags?post=1280"}],"curies":[{"name":"wp","href":"https:\/\/api.w.org\/{rel}","templated":true}]}}