{"id":1276,"date":"2015-07-11T18:08:13","date_gmt":"2015-07-11T18:08:13","guid":{"rendered":"http:\/\/eec.cat\/blog\/?p=1276"},"modified":"2015-07-11T18:08:13","modified_gmt":"2015-07-11T18:08:13","slug":"dona-li-una-oportunitat-a-jesus","status":"publish","type":"post","link":"https:\/\/eec.cat\/blog\/dona-li-una-oportunitat-a-jesus\/","title":{"rendered":"D\u00f3na-li una oportunitat a Jes\u00fas"},"content":{"rendered":"<p><a href=\"http:\/\/eec.cat\/blog\/wp-content\/uploads\/2015\/07\/CAM00894-1.jpg\"><img loading=\"lazy\" decoding=\"async\" class=\"aligncenter size-large wp-image-1277\" src=\"http:\/\/eec.cat\/blog\/wp-content\/uploads\/2015\/07\/CAM00894-1-1024x634.jpg\" alt=\"CAM00894-1\" width=\"1024\" height=\"634\" srcset=\"https:\/\/eec.cat\/blog\/wp-content\/uploads\/2015\/07\/CAM00894-1-1024x634.jpg 1024w, https:\/\/eec.cat\/blog\/wp-content\/uploads\/2015\/07\/CAM00894-1-300x186.jpg 300w\" sizes=\"auto, (max-width: 1024px) 100vw, 1024px\" \/><\/a><\/p>\n<p>\u00c9s a dir, els qui viuen en Crist s\u00f3n una creaci\u00f3 nova. El que era antic ha passat; ha comen\u00e7at un m\u00f3n nou. I tot aix\u00f2 \u00e9s obra de D\u00e9u, que ens ha reconciliat amb ell mateix per Crist i ens ha confiat a nosaltres aquest servei de la reconciliaci\u00f3. Efectivament, D\u00e9u, en Crist, reconciliava el m\u00f3n amb ell mateix, no tenint-li m\u00e9s en compte els seus pecats, i a nosaltres ens ha encomanat l\u2019anunci de la reconciliaci\u00f3. Per tant, som ambaixadors de Crist, i D\u00e9u mateix us exhorta a trav\u00e9s nostre. Us ho demanem en nom de Crist: reconcilieu-vos amb D\u00e9u!. 2 Cor 5:17-20 Si ho pensem b\u00e9, sovint, sembla dif\u00edcil fer \u201caterrar\u201d la Paraula. I amb \u201caterrar\u201d vull dir fer-la real en la nostre quotidianitat. Escoltem missatges d\u2019amor i pau; estimar al pro\u00efsme, m\u00e9s encara estimar als enemics. Donar a qui ens demana, compartir el pa amb aquells que no prendr\u00edem ni una cervesa; morir a nosaltres mateixos i tornar a viure amb la ment de Crist; tot de paraules molt maques, a les que diem \u201cs\u00ed, i tant\u201d, per\u00f2 que en el dia a dia, veiem com tot queda en aix\u00f2, \u201cparaules\u201d, per\u00f2 que no arribem a viure plenament com a Paraula. Si hi ha quelcom que resumeixi la nostre missi\u00f3 com a Esgl\u00e9sia, com a fills i filles de D\u00e9u \u00e9s, en paraules del Ap\u00f2stol Pau, el ministeri de la reconciliaci\u00f3. Reconciliaci\u00f3 expressa molt b\u00e9 la q\u00fcesti\u00f3 del perd\u00f3, doncs la reconciliaci\u00f3 fa que el perd\u00f3 no sigui nom\u00e9s paraules, ans el contrari, la reconciliaci\u00f3 ens parla de restaurar all\u00f2 que s\u2019ha trencat: una relaci\u00f3 sustentada en la pau i en el respecte, en la pau i el veritable amor de D\u00e9u. I precisament el perd\u00f3, ent\u00e9s com a reconciliaci\u00f3, no com nom\u00e9s paraules, \u00e9s potser la Paraula de significat m\u00e9s clar, m\u00e9s senzill, per\u00f2 a la vegada la m\u00e9s dif\u00edcil de fer aterrar, de fer-la realitat en la nostre quotidianitat. Com farem doncs realitat aquesta creaci\u00f3 nova que som, segons l\u2019Ap\u00f2stol, ara cadasc\u00fa de nosaltres? Com podrem fer realitat el missatge de l\u2019evangeli de Jesucrist, expressat per exemple en el Serm\u00f3 de la Muntanya (Mt. 5:1-7:28)? Com podrem encarnar la voluntat de D\u00e9u expressada en la vida, mort i resurrecci\u00f3 del seu Fill? Potser ja est\u00e0s escoltant veus que et diuen que no podrem, que no podr\u00e0s pas. Potser algun cop s\u00ed, per\u00f2 en general no, una cosa \u00e9s el que diu la B\u00edblia, un altre m\u00e9s dif\u00edcil \u00e9s que acabi sent Paraula de vida. La reconciliaci\u00f3, si ens fixem, comen\u00e7a amb D\u00e9u mateix, torneu a llegir el passatge del principi: \u00e9s D\u00e9u mateix qui ens reconcilia amb Ell mitjan\u00e7ant Jesucrist, amb un objectiu, donar-nos a nosaltres aquest servei, aquest ministeri: l\u2019anunci de la reconciliaci\u00f3. Per\u00f2 clar, \u00bfcom podrem anunciar la reconciliaci\u00f3 si no la vivim nosaltres mateixos a tots els nivells de la nostra vida? Quan vivim enquistats en el conflicte, guardant i tenint en compte les faltes dels altres, i les nostres al cor, \u00bfno estem convertint la Paraula viva en paraules mortes sense sentit ni valor? Permeteu-me que parli clar si us dic que, sovint fem massa f\u00e0cil la reconciliaci\u00f3 amb D\u00e9u, (demanar perd\u00f3 a D\u00e9u no \u00e9s tan dif\u00edcil al cap i a la fi), mentre que disculpem, tamb\u00e9 massa r\u00e0pid, que no siguem capa\u00e7os de viure la reconciliaci\u00f3 aqu\u00ed, a la terra, amb els que tenim m\u00e9s a prop. I \u00e9s una paradoxa doncs, les dues van totalment unides, no s\u00f3n tan f\u00e0cils de separar, doncs juntes ens parlen de que en Crist som una creaci\u00f3 nova. Potser ara est\u00e0s pensant \u201cqu\u00e8 dif\u00edcil ho est\u00e0s posant Sr. Pastor!!\u201d On \u00e9s la gr\u00e0cia en tot aix\u00f2? I no ho vull posar dif\u00edcil pas jo, ans el contrari, vull fer una proposta que no \u00e9s tan dif\u00edcil: D\u00f3na-li una oportunitat a Jes\u00fas. S\u00ed, s\u00e9 que hi ha moltes veus, sovint la nostra mateixa veu, que ens diu que no \u00e9s possible, que tot aix\u00f2 no es pot viure, per\u00f2, i si almenys ho intentem? I si provem a posar en pr\u00e0ctica el missatge del evangeli? I si provem (a veure qu\u00e8 passa), de viure les conseq\u00fc\u00e8ncies de la reconciliaci\u00f3 amb D\u00e9u, amb els nostres pro\u00efsmes? Tan sols provar-ho, i fer-ho amb la confian\u00e7a de que, si \u00e9s veritablement la Paraula de l\u2019evangeli de Jes\u00fas; aquesta Paraula de vida que anhelem amb tot el cor, segur que tindrem poc a perdre i molt a guanyar en aquest intent. No ens donem per derrotats sense tan sols haver-ho intentat, mirem cada situaci\u00f3 amb els ulls de Crist, i pensem al menys de provar d\u2019exercir el ministeri de la reconciliaci\u00f3, potser tindrem sorpreses!<\/p>\n<p><strong>Jonathan Navarro <\/strong><br \/>\n<strong>Pastor de la 1era Esgl\u00e9sia Protestant a Rub\u00ed.<\/strong><br \/>\n<strong> (Metodista-Presbiteriana)<\/strong><\/p>\n","protected":false},"excerpt":{"rendered":"<p>\u00c9s a dir, els qui viuen en Crist s\u00f3n una creaci\u00f3 nova. El que era antic ha passat; ha comen\u00e7at un m\u00f3n nou. I tot aix\u00f2 \u00e9s obra de D\u00e9u, que ens ha reconciliat amb ell mateix per Crist i ens ha confiat a nosaltres aquest servei de la reconciliaci\u00f3. Efectivament, D\u00e9u, en Crist, reconciliava [&hellip;]<\/p>\n","protected":false},"author":1,"featured_media":0,"comment_status":"open","ping_status":"open","sticky":false,"template":"","format":"standard","meta":{"_jetpack_memberships_contains_paid_content":false,"footnotes":""},"categories":[6],"tags":[],"class_list":["post-1276","post","type-post","status-publish","format-standard","hentry","category-reflexions"],"jetpack_sharing_enabled":true,"jetpack_featured_media_url":"","_links":{"self":[{"href":"https:\/\/eec.cat\/blog\/wp-json\/wp\/v2\/posts\/1276","targetHints":{"allow":["GET"]}}],"collection":[{"href":"https:\/\/eec.cat\/blog\/wp-json\/wp\/v2\/posts"}],"about":[{"href":"https:\/\/eec.cat\/blog\/wp-json\/wp\/v2\/types\/post"}],"author":[{"embeddable":true,"href":"https:\/\/eec.cat\/blog\/wp-json\/wp\/v2\/users\/1"}],"replies":[{"embeddable":true,"href":"https:\/\/eec.cat\/blog\/wp-json\/wp\/v2\/comments?post=1276"}],"version-history":[{"count":0,"href":"https:\/\/eec.cat\/blog\/wp-json\/wp\/v2\/posts\/1276\/revisions"}],"wp:attachment":[{"href":"https:\/\/eec.cat\/blog\/wp-json\/wp\/v2\/media?parent=1276"}],"wp:term":[{"taxonomy":"category","embeddable":true,"href":"https:\/\/eec.cat\/blog\/wp-json\/wp\/v2\/categories?post=1276"},{"taxonomy":"post_tag","embeddable":true,"href":"https:\/\/eec.cat\/blog\/wp-json\/wp\/v2\/tags?post=1276"}],"curies":[{"name":"wp","href":"https:\/\/api.w.org\/{rel}","templated":true}]}}