{"id":1272,"date":"2015-07-06T05:27:55","date_gmt":"2015-07-06T05:27:55","guid":{"rendered":"http:\/\/eec.cat\/blog\/?p=1272"},"modified":"2015-07-06T05:28:35","modified_gmt":"2015-07-06T05:28:35","slug":"dia-a-dia-6-de-juliol-12-de-juliol-2015","status":"publish","type":"post","link":"https:\/\/eec.cat\/blog\/dia-a-dia-6-de-juliol-12-de-juliol-2015\/","title":{"rendered":"Dia a Dia. 6 de juliol &#8211; 12 de juliol 2015"},"content":{"rendered":"<p><strong><span style=\"text-decoration: underline;\"><span style=\"color: #0000ff; text-decoration: underline;\"><a href=\"http:\/\/eec.cat\/blog\/wp-content\/uploads\/2015\/07\/sem-28-campo-de-colza-Empord\u00e0-0174.jpg\"><img loading=\"lazy\" decoding=\"async\" class=\"alignleft size-thumbnail wp-image-1273\" src=\"http:\/\/eec.cat\/blog\/wp-content\/uploads\/2015\/07\/sem-28-campo-de-colza-Empord\u00e0-0174-150x150.jpg\" alt=\"sem 28 campo de colza -Empord\u00e0  0174\" width=\"150\" height=\"150\" \/><\/a>Dilluns, 6 de juliol<\/span><\/span><\/strong><\/p>\n<p>Mateu 9, 27-31<br \/>\nAmb certesa m\u2019acosto a D\u00e9u, i davant d\u2019ell descarrego les meves preocupacions, els meus mals i les meves fatigues. Amb fe torno a mirar el m\u00f3n buscant en cada rac\u00f3 la llum dels seus miracles.<\/p>\n<p>&nbsp;<\/p>\n<p><strong><span style=\"text-decoration: underline;\"><span style=\"color: #0000ff; text-decoration: underline;\">Dimarts, 7 de juliol<\/span><\/span><\/strong><\/p>\n<p>Mateu 14, 22-33<br \/>\nEls dubtes i les pors fan trontollar les meves passes, com un equilibrista camino sobre la corda d\u2019aquesta vida, quantes vegades he estat a punt de caure! Quantes vegades m\u2019he vist amb l\u2019aigua al coll; per\u00f2 certament la m\u00e0 del Senyor m\u2019ha rescatat dels perills. Qu\u00e8 el record de la seva protecci\u00f3 encoratgi la meva fe.<\/p>\n<p><strong><span style=\"text-decoration: underline;\"><span style=\"color: #0000ff; text-decoration: underline;\">Dimecres, 8 de juliol<\/span><\/span><\/strong><\/p>\n<p>Mateu 15, 21-28<br \/>\nCridar\u00e9 amb fe per reclamar la salvaci\u00f3 de D\u00e9u; buscar\u00e9 amb fe la resposta del Senyor. No em cansar\u00e9 de demanar-li; en ell deposito la meva confian\u00e7a s\u00e9 que em respondr\u00e0.<\/p>\n<p><strong><span style=\"text-decoration: underline;\"><span style=\"color: #0000ff; text-decoration: underline;\">Dijous, 9 de juliol<\/span><\/span><\/strong><\/p>\n<p>Mateu 16, 5-12<br \/>\nAlimentar\u00e9 la meva fe de la seva paraula, guardar\u00e9 la meva fe de discursos aliens a ell; guardar\u00e9 mem\u00f2ria de la seva provisi\u00f3 i omplir\u00e9 els meus records de la vida compartida amb ell. \u00c9s D\u00e9u qui m\u2019ensenya, \u00e9s ell a qui vull escoltar.<\/p>\n<p><strong><span style=\"text-decoration: underline;\"><span style=\"color: #0000ff; text-decoration: underline;\">Divendres, 10 de juliol<\/span><\/span><\/strong><\/p>\n<p>Mateu 17, 14-21<br \/>\nSi la fe m\u00e9s petita pot moure muntanyes aleshores \u00e9s que tinc poca fe, per\u00f2 aquesta poqueta l\u2019omplir\u00e9 d\u2019esperan\u00e7a i la dur\u00e9 arreu on vagi, per compartir-la amb tots els necessitats; l\u2019omplir\u00e9 d\u2019amor i de pau i la regalar\u00e9 a totes les que pateixen. Engreixar\u00e9 la meva petita fe de la just\u00edcia de D\u00e9u.<\/p>\n<p><strong><span style=\"text-decoration: underline;\"><span style=\"color: #0000ff; text-decoration: underline;\">Dissabte, 11 de juliol<\/span><\/span><\/strong><\/p>\n<p>Mateu 21, 18-22<br \/>\nAmb fe lluitar\u00e9 per la just\u00edcia, amb fe treballar\u00e9 per la pau, amb fe demanar\u00e9 D\u00e9u un m\u00f3n millor, que ompli de fruits les taules dels pobres i de flors les vides dels necessitats. Cridar\u00e9 una pregaria a D\u00e9u amb la confian\u00e7a de que ell camina amb mi.<\/p>\n<p><strong><span style=\"text-decoration: underline;\"><span style=\"color: #0000ff; text-decoration: underline;\">Diumenge, 12 de juliol<\/span><\/span><\/strong><\/p>\n<p>Salm 24<br \/>\nOmplo la meva fe de la seguretat del teu perd\u00f3 i de l\u2019abra\u00e7ada de la teva miseric\u00f2rdia, m\u2019acosto a tu confiada, tranquil\u00b7la, sabedora que m\u2019has estimat i que sempre ho far\u00e0s. En tu reposa la meva \u00e0nima, en el teu gran poder i en el murmuri del teu amor.<\/p>\n","protected":false},"excerpt":{"rendered":"<p>Dilluns, 6 de juliol Mateu 9, 27-31 Amb certesa m\u2019acosto a D\u00e9u, i davant d\u2019ell descarrego les meves preocupacions, els meus mals i les meves fatigues. Amb fe torno a mirar el m\u00f3n buscant en cada rac\u00f3 la llum dels seus miracles. &nbsp; Dimarts, 7 de juliol Mateu 14, 22-33 Els dubtes i les pors [&hellip;]<\/p>\n","protected":false},"author":1,"featured_media":0,"comment_status":"open","ping_status":"open","sticky":false,"template":"","format":"standard","meta":{"_jetpack_memberships_contains_paid_content":false,"footnotes":""},"categories":[7],"tags":[],"class_list":["post-1272","post","type-post","status-publish","format-standard","hentry","category-meditacions-diaries"],"jetpack_sharing_enabled":true,"jetpack_featured_media_url":"","_links":{"self":[{"href":"https:\/\/eec.cat\/blog\/wp-json\/wp\/v2\/posts\/1272","targetHints":{"allow":["GET"]}}],"collection":[{"href":"https:\/\/eec.cat\/blog\/wp-json\/wp\/v2\/posts"}],"about":[{"href":"https:\/\/eec.cat\/blog\/wp-json\/wp\/v2\/types\/post"}],"author":[{"embeddable":true,"href":"https:\/\/eec.cat\/blog\/wp-json\/wp\/v2\/users\/1"}],"replies":[{"embeddable":true,"href":"https:\/\/eec.cat\/blog\/wp-json\/wp\/v2\/comments?post=1272"}],"version-history":[{"count":0,"href":"https:\/\/eec.cat\/blog\/wp-json\/wp\/v2\/posts\/1272\/revisions"}],"wp:attachment":[{"href":"https:\/\/eec.cat\/blog\/wp-json\/wp\/v2\/media?parent=1272"}],"wp:term":[{"taxonomy":"category","embeddable":true,"href":"https:\/\/eec.cat\/blog\/wp-json\/wp\/v2\/categories?post=1272"},{"taxonomy":"post_tag","embeddable":true,"href":"https:\/\/eec.cat\/blog\/wp-json\/wp\/v2\/tags?post=1272"}],"curies":[{"name":"wp","href":"https:\/\/api.w.org\/{rel}","templated":true}]}}