{"id":1265,"date":"2015-07-02T18:55:58","date_gmt":"2015-07-02T18:55:58","guid":{"rendered":"http:\/\/eec.cat\/blog\/?p=1265"},"modified":"2015-07-02T18:57:03","modified_gmt":"2015-07-02T18:57:03","slug":"les-escales-evangeliques-durant-la-ii-republica-i-el-franquisme","status":"publish","type":"post","link":"https:\/\/eec.cat\/blog\/les-escales-evangeliques-durant-la-ii-republica-i-el-franquisme\/","title":{"rendered":"Les escoles evang\u00e8liques durant la II Rep\u00fablica i el franquisme"},"content":{"rendered":"<p style=\"text-align: left;\">Dimecres, 8 de juliol, a les 19 h<\/p>\n<p style=\"text-align: justify;\">Seu del Memorial Democr\u00e0tic<br \/>\nC\/ Peu de la Creu, 4<br \/>\nBarcelona<br \/>\nAcc\u00e9s lliure<\/p>\n<p><a href=\"http:\/\/eec.cat\/blog\/wp-content\/uploads\/2015\/07\/image005.jpg\"><img loading=\"lazy\" decoding=\"async\" class=\"alignleft size-thumbnail wp-image-1266\" src=\"http:\/\/eec.cat\/blog\/wp-content\/uploads\/2015\/07\/image005-150x150.jpg\" alt=\"image005\" width=\"150\" height=\"150\" \/><\/a>La Jornada \u201cLes escoles evang\u00e8liques durant la II Rep\u00fablica i el franquisme\u201d comptar\u00e0 amb la participaci\u00f3 de Federico V\u00e1zquez, investigador adscrit al Centre d\u2019Estudis Hist\u00f2rics Internacionals de la Universitat de Barcelona (CEHI), que oferir\u00e0 la confer\u00e8ncia \u201cLa mem\u00f2ria de les escoles evang\u00e8liques a Catalunya durant la II Rep\u00fablica i el franquisme\u201d. Tamb\u00e9 intervindran dos testimonis: Antonio Polo, director de l\u2019escola adventista Col\u00b7legi Urgell, i David Muniesa, pastor evang\u00e8lic. La cloenda anir\u00e0 a c\u00e0rrec de Jordi Palou-Loverdos, director del Memorial Democr\u00e0tic, i Enric Vendrell, director general d\u2019Afers Religiosos.<\/p>\n<p>L\u2019acte ha estat organitzat pel Memorial Democr\u00e0tic i la Direcci\u00f3 General d&#8217;Afers Religiosos.<\/p>\n<p>&nbsp;<\/p>\n","protected":false},"excerpt":{"rendered":"<p>Dimecres, 8 de juliol, a les 19 h Seu del Memorial Democr\u00e0tic C\/ Peu de la Creu, 4 Barcelona Acc\u00e9s lliure La Jornada \u201cLes escoles evang\u00e8liques durant la II Rep\u00fablica i el franquisme\u201d comptar\u00e0 amb la participaci\u00f3 de Federico V\u00e1zquez, investigador adscrit al Centre d\u2019Estudis Hist\u00f2rics Internacionals de la Universitat de Barcelona (CEHI), que oferir\u00e0 [&hellip;]<\/p>\n","protected":false},"author":1,"featured_media":0,"comment_status":"open","ping_status":"open","sticky":false,"template":"","format":"standard","meta":{"_jetpack_memberships_contains_paid_content":false,"footnotes":""},"categories":[5,4],"tags":[],"class_list":["post-1265","post","type-post","status-publish","format-standard","hentry","category-activitats","category-noticies"],"jetpack_sharing_enabled":true,"jetpack_featured_media_url":"","_links":{"self":[{"href":"https:\/\/eec.cat\/blog\/wp-json\/wp\/v2\/posts\/1265","targetHints":{"allow":["GET"]}}],"collection":[{"href":"https:\/\/eec.cat\/blog\/wp-json\/wp\/v2\/posts"}],"about":[{"href":"https:\/\/eec.cat\/blog\/wp-json\/wp\/v2\/types\/post"}],"author":[{"embeddable":true,"href":"https:\/\/eec.cat\/blog\/wp-json\/wp\/v2\/users\/1"}],"replies":[{"embeddable":true,"href":"https:\/\/eec.cat\/blog\/wp-json\/wp\/v2\/comments?post=1265"}],"version-history":[{"count":0,"href":"https:\/\/eec.cat\/blog\/wp-json\/wp\/v2\/posts\/1265\/revisions"}],"wp:attachment":[{"href":"https:\/\/eec.cat\/blog\/wp-json\/wp\/v2\/media?parent=1265"}],"wp:term":[{"taxonomy":"category","embeddable":true,"href":"https:\/\/eec.cat\/blog\/wp-json\/wp\/v2\/categories?post=1265"},{"taxonomy":"post_tag","embeddable":true,"href":"https:\/\/eec.cat\/blog\/wp-json\/wp\/v2\/tags?post=1265"}],"curies":[{"name":"wp","href":"https:\/\/api.w.org\/{rel}","templated":true}]}}