{"id":1261,"date":"2015-07-01T12:03:50","date_gmt":"2015-07-01T12:03:50","guid":{"rendered":"http:\/\/eec.cat\/blog\/?p=1261"},"modified":"2015-07-01T12:05:04","modified_gmt":"2015-07-01T12:05:04","slug":"dia-a-dia-1-de-juliol-5-de-juliol-2015","status":"publish","type":"post","link":"https:\/\/eec.cat\/blog\/dia-a-dia-1-de-juliol-5-de-juliol-2015\/","title":{"rendered":"Dia a Dia. 1 de juliol &#8211; 5 de juliol 2015"},"content":{"rendered":"<p style=\"text-align: center;\"><strong>DIA A DIA AMB D\u00c9U<\/strong><\/p>\n<p style=\"text-align: center;\">TERCER TRIMESTRE 2015<\/p>\n<p style=\"text-align: center;\">\u2026 recordem davant de D\u00e9u, el nostre Pare, la vostra fe activa, el vostre amor incansable i la vostra esperan\u00e7a constant en nostre Senyor Jesucrist (1 Tessalonicencs 1, 3).<\/p>\n<p>Viure vol dir caminar, respirar vol dir tenir l\u2019oportunitat de seguir avan\u00e7ant; diu la dita que mentre hi ha vida hi ha esperan\u00e7a, per\u00f2 crec que seria millor dir que quan vivim l\u2019esperan\u00e7a \u00e9s quan realment hi ha vida.<\/p>\n<p>Una pietat mal entesa i una distorsi\u00f3 de l\u2019espiritualitat ens ha fet tancar dins el nostre interior, dins la capsa del nostre cor, elements b\u00e0sic del cristianisme, com la fe, l\u2019amor i l\u2019esperan\u00e7a; d\u2019alguna manera els hem guardat sota la clau de l\u2019experi\u00e8ncia personal, oblidant que tots tres no s\u00f3n sentiments, sin\u00f3 motors d\u2019una vida plena.<\/p>\n<p>La fe no \u00e9s nom\u00e9s una creen\u00e7a, ni quelcom que \u00fanicament ens conforti interiorment, la fe \u00e9s all\u00f2 que es mou i treballa, \u00e9s all\u00f2 que lluita i encoratja per enfrontar els problemes i les dificultats, per transformar les realitats i renovar la vida.<\/p>\n<p>L\u2019amor no \u00e9s solament un sentiment d\u2019estimaci\u00f3, no \u00e9s una calor al cor, sin\u00f3 que l\u2019amor s\u2019acosta i estima, perdona i \u00e9s misericordi\u00f3s, l\u2019amor \u00e9s una relaci\u00f3 que, una vegada i un altre, supera rases i crea ponts perqu\u00e8 els uns i les altres visquem veritablement units, sent responsables mutus.<\/p>\n<p>I l\u2019esperan\u00e7a no \u00e9s solament all\u00f2 que ha de vindre, sin\u00f3 que \u00e9s la const\u00e0ncia que ens mou, el combustible que ens fa tirar endavant, perqu\u00e8 l\u2019esperan\u00e7a no solament s\u2019espera sin\u00f3 que renova les realitats presents perqu\u00e8 vol manifestar-se.<\/p>\n<p>La fe, l\u2019amor i l\u2019esperan\u00e7a s\u00f3n tres pilars sobre els que construir les nostres vides, com a persones i com a comunitat, tres columnes fortes i fermes que es sustenten en el perd\u00f3, la miseric\u00f2rdia i l\u2019amor que D\u00e9u ens ha ofert, i que neixen i creixen de la confian\u00e7a que hem depositat en la paraula de D\u00e9u, en les seves promeses, que s\u00f3n veritables i fiables.<\/p>\n<p>No podem tancar la fe, no podem restringir l\u2019amor, no hem de seure fins que arribi l\u2019esperan\u00e7a, ans al contrari, si volem arrib\u00e0 a un m\u00f3n millor haurem d\u2019estimar profundament i demostrar-ho amb fets palpables, guiats per una fe que lluita i treballa per l\u2019esperan\u00e7a que ja est\u00e0 venint.<\/p>\n<p>La mem\u00f2ria del poble de D\u00e9u \u00e9s plena de records d\u2019homes i dones que han manifestat el seu cristianisme, no en paraules, sin\u00f3 en veritables fets d\u2019amor, en elles i ells hem d\u2019inspirar la nostra fe, i en la paraula de D\u00e9u veure com una realitat all\u00f2 que est\u00e0 per vindre. Hem de donar gr\u00e0cies a D\u00e9u per la vida d\u2019aquelles i aquells que inspirats en Jes\u00fas van oferir-se per transformar aquest m\u00f3n en una realitat millor, encara que aquesta renovaci\u00f3 sembl\u00e9s no fer gaire, va fer molt, perqu\u00e8 cada petit canvi ha aconseguit sumar un pas m\u00e9s cap el regne de D\u00e9u.<\/p>\n<p>Aquest trimestre de calor i vacances, d\u2019aig\u00fces salades o dolces, us proposo viatjar en la reflexi\u00f3 d\u2019aquestes tres columnes sobres les que hem de construir-nos, fe, amor i esperan\u00e7a han de ser, no solament una actitud interior, sin\u00f3 una realitat visible en mig d\u2019un m\u00f3n que ens necessita.<\/p>\n<p>En la fe, que \u00e9s do de D\u00e9u, moguts per l\u2019amor caminarem cap a la nostra esperan\u00e7a: que el nou m\u00f3n inaugurat en Jes\u00fas sigui una realitat per tota la humanitat.<\/p>\n<p><strong>Marta L\u00f3pez Ballalta<\/strong><\/p>\n<p><strong><span style=\"text-decoration: underline;\"><span style=\"color: #0000ff; text-decoration: underline;\"><a href=\"http:\/\/eec.cat\/blog\/wp-content\/uploads\/2015\/07\/sem-27-Laguna-en-Costa-Esuri-Ayamonte-9255.jpg\"><img loading=\"lazy\" decoding=\"async\" class=\"alignleft size-thumbnail wp-image-1262\" src=\"http:\/\/eec.cat\/blog\/wp-content\/uploads\/2015\/07\/sem-27-Laguna-en-Costa-Esuri-Ayamonte-9255-150x150.jpg\" alt=\"sem 27 Laguna en Costa Esuri ( Ayamonte) 9255\" width=\"150\" height=\"150\" \/><\/a>Dimecres, 1 de juliol<\/span><\/span><\/strong><\/p>\n<p>Mateu 6, 25-34<br \/>\nBusco una fe plena de confian\u00e7a, una fe que faci callar el neguit i oblidi les preocupacions, una fe que em faci generosa amb els que m\u2019envolten i ompli els meus graners i amaris d\u2019amor per la just\u00edcia.<\/p>\n<p>&nbsp;<\/p>\n<p><strong><span style=\"text-decoration: underline;\"><span style=\"color: #0000ff; text-decoration: underline;\">Dijous, 2 de juliol<\/span><\/span><\/strong><\/p>\n<p>Mateu 8, 23-27<br \/>\nLa fe \u00e9s valenta, la fe no t\u00e9 por de la tempesta, perqu\u00e8 confia i treballa per tirar endavant la meva barca. Vull una fe que remi cap una nova terra, on la pau del Senyor sigui una realitat en a totes i tots.<\/p>\n<p><strong><span style=\"text-decoration: underline;\"><span style=\"color: #0000ff; text-decoration: underline;\">Divendres, 3 de juliol<\/span><\/span><\/strong><\/p>\n<p>Mateu 9, 1-8<br \/>\nAmb fe he acollit el perd\u00f3, amb fe he viscut la miseric\u00f2rdia de D\u00e9u, per aix\u00f2 m\u2019aixeco i camino, per aix\u00f2 canto i prego. Vull que la meva fe creixi en la seguretat de que D\u00e9u \u00e9s a mi i no m\u2019abandonar\u00e0 mai.<\/p>\n<p><strong><span style=\"text-decoration: underline;\"><span style=\"color: #0000ff; text-decoration: underline;\">Dissabte, 4 de juliol<\/span><\/span><\/strong><\/p>\n<p>Mateu 9, 18-26<br \/>\nM\u2019inspira la fe d\u2019aquells que busquen tornar la vida, m\u2019omple de pau la fe d\u2019aquelles que confien en el poder de D\u00e9u. Vull una fe que acolli l\u2019esperan\u00e7a de la salvaci\u00f3, busco la fe que retornar els batecs als cors.<\/p>\n<p><strong><span style=\"text-decoration: underline;\"><span style=\"color: #0000ff; text-decoration: underline;\">Diumenge, 5 de juliol<\/span><\/span><\/strong><\/p>\n<p>Salm 48<br \/>\nMiro al cel i veig el teu castell, ferm, indestructible, alt i poder\u00f3s, s\u2019al\u00e7a en mig de les dificultats, en mig dels patiments, \u00e9s el baluard de la meva fe, la fermesa de la meva esperan\u00e7a. Lloat sigui el Senyor que mant\u00e9 ferma la meva vida.<\/p>\n","protected":false},"excerpt":{"rendered":"<p>DIA A DIA AMB D\u00c9U TERCER TRIMESTRE 2015 \u2026 recordem davant de D\u00e9u, el nostre Pare, la vostra fe activa, el vostre amor incansable i la vostra esperan\u00e7a constant en nostre Senyor Jesucrist (1 Tessalonicencs 1, 3). Viure vol dir caminar, respirar vol dir tenir l\u2019oportunitat de seguir avan\u00e7ant; diu la dita que mentre hi [&hellip;]<\/p>\n","protected":false},"author":1,"featured_media":0,"comment_status":"open","ping_status":"open","sticky":false,"template":"","format":"standard","meta":{"_jetpack_memberships_contains_paid_content":false,"footnotes":""},"categories":[7],"tags":[],"class_list":["post-1261","post","type-post","status-publish","format-standard","hentry","category-meditacions-diaries"],"jetpack_sharing_enabled":true,"jetpack_featured_media_url":"","_links":{"self":[{"href":"https:\/\/eec.cat\/blog\/wp-json\/wp\/v2\/posts\/1261","targetHints":{"allow":["GET"]}}],"collection":[{"href":"https:\/\/eec.cat\/blog\/wp-json\/wp\/v2\/posts"}],"about":[{"href":"https:\/\/eec.cat\/blog\/wp-json\/wp\/v2\/types\/post"}],"author":[{"embeddable":true,"href":"https:\/\/eec.cat\/blog\/wp-json\/wp\/v2\/users\/1"}],"replies":[{"embeddable":true,"href":"https:\/\/eec.cat\/blog\/wp-json\/wp\/v2\/comments?post=1261"}],"version-history":[{"count":0,"href":"https:\/\/eec.cat\/blog\/wp-json\/wp\/v2\/posts\/1261\/revisions"}],"wp:attachment":[{"href":"https:\/\/eec.cat\/blog\/wp-json\/wp\/v2\/media?parent=1261"}],"wp:term":[{"taxonomy":"category","embeddable":true,"href":"https:\/\/eec.cat\/blog\/wp-json\/wp\/v2\/categories?post=1261"},{"taxonomy":"post_tag","embeddable":true,"href":"https:\/\/eec.cat\/blog\/wp-json\/wp\/v2\/tags?post=1261"}],"curies":[{"name":"wp","href":"https:\/\/api.w.org\/{rel}","templated":true}]}}