{"id":1258,"date":"2015-06-29T05:29:18","date_gmt":"2015-06-29T05:29:18","guid":{"rendered":"http:\/\/eec.cat\/blog\/?p=1258"},"modified":"2015-06-29T05:29:18","modified_gmt":"2015-06-29T05:29:18","slug":"dia-a-dia-29-de-juny-30-de-juny-2015","status":"publish","type":"post","link":"https:\/\/eec.cat\/blog\/dia-a-dia-29-de-juny-30-de-juny-2015\/","title":{"rendered":"Dia a Dia. 29 de juny &#8211; 30 de juny 2015"},"content":{"rendered":"<p><strong><span style=\"text-decoration: underline;\"><span style=\"color: #0000ff; text-decoration: underline;\"><a href=\"http:\/\/eec.cat\/blog\/wp-content\/uploads\/2015\/06\/sem-26-Isla-Cristina-atardecer-9444.jpg\"><img loading=\"lazy\" decoding=\"async\" class=\"alignleft size-thumbnail wp-image-1259\" src=\"http:\/\/eec.cat\/blog\/wp-content\/uploads\/2015\/06\/sem-26-Isla-Cristina-atardecer-9444-150x150.jpg\" alt=\"sem 26 Isla Cristina - atardecer 9444\" width=\"150\" height=\"150\" \/><\/a>Dilluns, 29 de juny<\/span><\/span><\/strong><br \/>\nIsa\u00efes 11, 1-5<\/p>\n<p>Oh D\u00e9u meu, certament el teu fill Jes\u00fas ha sigut per la humanitat salvaci\u00f3 i exemple, que s\u00e0piga jo viure com ell va viure, que deixi actuar el teu Esperit en la meva vida com ell ho va fer, i que la saviesa i l\u2019enteniment que ell va tindre tamb\u00e9 siguin en mi, per a portar a tot arreu la teva just\u00edcia.<\/p>\n<p><strong><span style=\"text-decoration: underline;\"><span style=\"color: #0000ff; text-decoration: underline;\">Dimarts, 30 de juny<\/span><\/span><\/strong><br \/>\nFilipencs 1, 6<\/p>\n<p>Senyor i D\u00e9u, em poso a les teves mans, que tot all\u00f2 que m\u2019has donat segueixi creixent, que els teus dons es perfeccionin en la meva vida. En tu confio i a tu ofereixo el que s\u00f3c perqu\u00e8 tu em transformis. Amb fe et demano que estiguis en mi instruint-me tots els dies de la meva vida. Am\u00e9n.<\/p>\n","protected":false},"excerpt":{"rendered":"<p>Dilluns, 29 de juny Isa\u00efes 11, 1-5 Oh D\u00e9u meu, certament el teu fill Jes\u00fas ha sigut per la humanitat salvaci\u00f3 i exemple, que s\u00e0piga jo viure com ell va viure, que deixi actuar el teu Esperit en la meva vida com ell ho va fer, i que la saviesa i l\u2019enteniment que ell va [&hellip;]<\/p>\n","protected":false},"author":1,"featured_media":0,"comment_status":"open","ping_status":"open","sticky":false,"template":"","format":"standard","meta":{"_jetpack_memberships_contains_paid_content":false,"footnotes":""},"categories":[7],"tags":[],"class_list":["post-1258","post","type-post","status-publish","format-standard","hentry","category-meditacions-diaries"],"jetpack_sharing_enabled":true,"jetpack_featured_media_url":"","_links":{"self":[{"href":"https:\/\/eec.cat\/blog\/wp-json\/wp\/v2\/posts\/1258","targetHints":{"allow":["GET"]}}],"collection":[{"href":"https:\/\/eec.cat\/blog\/wp-json\/wp\/v2\/posts"}],"about":[{"href":"https:\/\/eec.cat\/blog\/wp-json\/wp\/v2\/types\/post"}],"author":[{"embeddable":true,"href":"https:\/\/eec.cat\/blog\/wp-json\/wp\/v2\/users\/1"}],"replies":[{"embeddable":true,"href":"https:\/\/eec.cat\/blog\/wp-json\/wp\/v2\/comments?post=1258"}],"version-history":[{"count":0,"href":"https:\/\/eec.cat\/blog\/wp-json\/wp\/v2\/posts\/1258\/revisions"}],"wp:attachment":[{"href":"https:\/\/eec.cat\/blog\/wp-json\/wp\/v2\/media?parent=1258"}],"wp:term":[{"taxonomy":"category","embeddable":true,"href":"https:\/\/eec.cat\/blog\/wp-json\/wp\/v2\/categories?post=1258"},{"taxonomy":"post_tag","embeddable":true,"href":"https:\/\/eec.cat\/blog\/wp-json\/wp\/v2\/tags?post=1258"}],"curies":[{"name":"wp","href":"https:\/\/api.w.org\/{rel}","templated":true}]}}