{"id":1255,"date":"2015-06-27T18:03:26","date_gmt":"2015-06-27T18:03:26","guid":{"rendered":"http:\/\/eec.cat\/blog\/?p=1255"},"modified":"2015-06-27T18:03:26","modified_gmt":"2015-06-27T18:03:26","slug":"quan-lesglesia-ens-allunya-de-deu","status":"publish","type":"post","link":"https:\/\/eec.cat\/blog\/quan-lesglesia-ens-allunya-de-deu\/","title":{"rendered":"Quan l\u00b4esgl\u00e9sia ens allunya de D\u00e9u"},"content":{"rendered":"<p><a href=\"http:\/\/eec.cat\/blog\/wp-content\/uploads\/2015\/06\/sfamilia.jpg\"><img loading=\"lazy\" decoding=\"async\" class=\"alignleft size-thumbnail wp-image-1256\" src=\"http:\/\/eec.cat\/blog\/wp-content\/uploads\/2015\/06\/sfamilia-150x150.jpg\" alt=\"sfamilia\" width=\"150\" height=\"150\" \/><\/a>El dia 27 d\u2019abril es va celebrar a la bas\u00edlica de la Sagrada Fam\u00edlia de Barcelona la missa per les v\u00edctimes de la trag\u00e8dia de vol de Germanwings. Havent-hi v\u00edctimes de les comunitats cat\u00f2lica, jueva, musulmana i protestant, el m\u00e9s just hagu\u00e9s estat celebrar una cerim\u00f2nia ecum\u00e8nica o si m\u00e9s no laica. Per\u00f2 malgrat les pressions del\u00a0mateix govern catal\u00e0 com el del moviment Esgl\u00e9sia plural, el cardenal Mart\u00ednez Sistach no va donar el bra\u00e7 a t\u00f2rcer i va exigir que la cerim\u00f2nia fos una missa cat\u00f2lica. De res van servir l\u2019allau de cr\u00edtiques que va rebre el cardenal pel car\u00e0cter restrictiu de l\u2019acte. La missa s\u2019havia de celebrar o no hi hauria cerim\u00f2nia a la bas\u00edlica. Com a contrapunt, cal dir que el passat 17 d\u2019abril, a la ciutat de Col\u00f2nia, es va celebrar una primeracerim\u00f2nia de marcat car\u00e0cter laic.<\/p>\n<p>El fet suggereix certa indifer\u00e8ncia envers les v\u00edctimes no cat\u00f2liques. En un moment tan dolor\u00f3s, un senyal de compassi\u00f3 i empatia hagu\u00e9s estat compartir l\u2019acte entre totes les sensibilitats religioses i, perqu\u00e8 no, amb algun representant seglar. Per\u00f2 el cardenal Sistach va considerar que, si la cerim\u00f2nia se celebrava en una bas\u00edlica cat\u00f2lica, aix\u00f2 li donava dret a una missa exclusiva d\u2019acord amb la seva pr\u00f2pia confessi\u00f3. Aquests tics autoritaris de l\u2019esgl\u00e9sia cat\u00f2lica fan olor de ranci, de naftalina i recorden \u00e8poques pret\u00e8rites predemocr\u00e0tiques que sonen a imposici\u00f3 i a ignorar i a minorar les altres religions.<\/p>\n<p>En desc\u00e0rrec del cardenal al\u00b7legava com a \u00fanic argument la sacralitat de la bas\u00edlica per fer-hi una missa cat\u00f2lica. Si afirmem que la bas\u00edlica \u00e9s terra sagrada, haurem d&#8217;acceptar que \u00e9s terra de D\u00e9u. I si \u00e9s terra de D\u00e9u qui \u00e9s el cardenal per discriminar altres religions que professen el mateix D\u00e9u? O \u00e9s que el cardenal s\u2019ha apropiat de la voluntat de D\u00e9u?<\/p>\n<p>Cardenal Mart\u00ednez Sistach, des d&#8217;una esgl\u00e9sia minorit\u00e0ria i tantes vegades anorreada li pregunto: D\u00e9u hagu\u00e9s preferit que les quatre religions plegades haguessin plorat la trag\u00e8dia dels morts? No creu que l\u2019aflicci\u00f3 i el dolor dels familiars de les v\u00edctimes hagu\u00e9s rebut m\u00e9s consol si vost\u00e8 hagu\u00e9s estat m\u00e9s receptiu a aparcar les difer\u00e8ncies, les malfiances i l\u2019afany d\u2019hegemonia?<\/p>\n<p>D\u00e9u no est\u00e0 en contra dels musulmans, ni contra els jueus, ni contra els protestants, ni contra els cat\u00f2lics. Llavors per qu\u00e8 ens discriminem m\u00fatuament? Abandonem el nostre sentit de solidaritat i d\u2019empatia envers els que pateixen per una mesquina ambici\u00f3 de protagonisme? Quina \u00e9s la causa de les guerres de religi\u00f3? Davant aquesta realitat desoladora un es pregunta si t\u00e9 quelcom de positiu qualsevol religi\u00f3.<\/p>\n<p>Sovint culpem les religions del comportament violent i criminal dels seus seguidors. Si considerem cadascuna de les 4 religions, convindrem a afirmar que els postulats que prediquen s\u00f3n escaients. Cal afirmar rotundament que els principis en el que es fonamenten les religions s\u00f3n intr\u00ednsecament bons. Fer de l&#8217;\u00e9sser hum\u00e0 una millor persona \u00e9s de per si un dels millors prop\u00f2sits. Apropar-nos a la realitat suprema d\u2019amor en la qual emmirallar-nos, donar una explicaci\u00f3 al misteri de la vida i de la<br \/>\ncreaci\u00f3 encara que no s\u2019ajusti a les teories i lleis de la comunitat cient\u00edfica, \u00e9s altament positiu perqu\u00e8 fa dels homes i les dones \u00e9ssers transcendents.<\/p>\n<p>La religi\u00f3 sense esgl\u00e9sia no \u00e9s. L\u2019esgl\u00e9sia \u00e9s l\u2019instrument que transmet la bona nova, mitjan\u00e7ant una comunitat fidel de seguidors que porta arreu el missatge de D\u00e9u.<\/p>\n<p>Rellegint les set cartes de l\u2019apocalipsi que D\u00e9u dicta a Joan pels set \u00e0ngels de les set esgl\u00e9sies m\u2019adono com de f\u00e0cil \u00e9s perdre l\u2019objectiu. Tants anys treballant per l\u2019esgl\u00e9sia, tantes hores dedicades, tants esfor\u00e7os realitzats ens fan estimar- la. Aquest amor ens fa defensar-la de qualsevol atac, qualsevol compet\u00e8ncia, qualsevol perill i ens fa pensar que la nostra esgl\u00e9sia \u00e9s la millor. Posem l\u2019esgl\u00e9sia per davant de D\u00e9u fins al punt que treballem per la gl\u00f2ria de l\u2019esgl\u00e9sia.<\/p>\n<p>Potser som massa simplistes quan culpem les religions dels crims perpetrats en les guerres eclesi\u00e0stiques. Les religions no s\u00f3n perverses en si mateixes. S\u00f3n les esgl\u00e9sies que professen aquestes religions que en perverteixen el sentit original. Estan m\u00e9s preocupades per asegurar la superviv\u00e8ncia i el poder que en proclamar la bona nova.<\/p>\n<p>Jo m\u2019estimo la meva esgl\u00e9sia. \u00c9s clar. Tothom s\u2019estima la seva esgl\u00e9sia. Per\u00f2 de vegades, lluitem m\u00e9s per l&#8217;esdevenir de l\u2019esgl\u00e9sia que pels seus valors essencials. Arribem a posar el nostre amor a l\u2019esgl\u00e9sia per sobre de la solidaritat, la generositat i el respecte. Estimar l\u2019esgl\u00e9sia ens allunya de D\u00e9u quan treballem m\u00e9s per la gl\u00f2ria de l\u2019esgl\u00e9sia que per la gl\u00f2ria de D\u00e9u. Davant uns fets tan dolorosos com la trag\u00e8dia de l&#8217;avi\u00f3 de la companyia Germanwings, el dolor hagu\u00e9s hagut d&#8217;unir, ni que fos per aquella ocasi\u00f3, les quatre religions. El fet de voler ser el primer, el<br \/>\nprincipal, el de m\u00e9s protagonisme fa que vulguem que la nostra esgl\u00e9sia estigui per damunt de les altres, com si volgu\u00e9ssim demostrar que la nostra esgl\u00e9sia \u00e9s la preferida de D\u00e9u oblidant que Jesucrist va dir que en el m\u00f3n de D\u00e9u els \u00faltims seran els primers.<br \/>\nL\u2019amor a l\u2019esgl\u00e9sia ens pot allunyar de D\u00e9u quan aquesta, nom\u00e9s busca la gl\u00f2ria d\u2019aquest m\u00f3n, quan el poder i la riquesa formen part del seu dec\u00e0leg, quan abandona tots els principis espirituals de la religi\u00f3 de D\u00e9u. Si una esgl\u00e9sia no \u00e9s capa\u00e7 de donar la m\u00e0 a les altres per treballar juntes per la just\u00edcia i la pau, \u00e9s una esgl\u00e9sia que ens allunya de D\u00e9u.<\/p>\n<p><strong>Rub\u00e8n Pall\u00e0s<\/strong><\/p>\n","protected":false},"excerpt":{"rendered":"<p>El dia 27 d\u2019abril es va celebrar a la bas\u00edlica de la Sagrada Fam\u00edlia de Barcelona la missa per les v\u00edctimes de la trag\u00e8dia de vol de Germanwings. Havent-hi v\u00edctimes de les comunitats cat\u00f2lica, jueva, musulmana i protestant, el m\u00e9s just hagu\u00e9s estat celebrar una cerim\u00f2nia ecum\u00e8nica o si m\u00e9s no laica. Per\u00f2 malgrat les [&hellip;]<\/p>\n","protected":false},"author":1,"featured_media":0,"comment_status":"open","ping_status":"open","sticky":false,"template":"","format":"standard","meta":{"_jetpack_memberships_contains_paid_content":false,"footnotes":""},"categories":[6],"tags":[],"class_list":["post-1255","post","type-post","status-publish","format-standard","hentry","category-reflexions"],"jetpack_sharing_enabled":true,"jetpack_featured_media_url":"","_links":{"self":[{"href":"https:\/\/eec.cat\/blog\/wp-json\/wp\/v2\/posts\/1255","targetHints":{"allow":["GET"]}}],"collection":[{"href":"https:\/\/eec.cat\/blog\/wp-json\/wp\/v2\/posts"}],"about":[{"href":"https:\/\/eec.cat\/blog\/wp-json\/wp\/v2\/types\/post"}],"author":[{"embeddable":true,"href":"https:\/\/eec.cat\/blog\/wp-json\/wp\/v2\/users\/1"}],"replies":[{"embeddable":true,"href":"https:\/\/eec.cat\/blog\/wp-json\/wp\/v2\/comments?post=1255"}],"version-history":[{"count":0,"href":"https:\/\/eec.cat\/blog\/wp-json\/wp\/v2\/posts\/1255\/revisions"}],"wp:attachment":[{"href":"https:\/\/eec.cat\/blog\/wp-json\/wp\/v2\/media?parent=1255"}],"wp:term":[{"taxonomy":"category","embeddable":true,"href":"https:\/\/eec.cat\/blog\/wp-json\/wp\/v2\/categories?post=1255"},{"taxonomy":"post_tag","embeddable":true,"href":"https:\/\/eec.cat\/blog\/wp-json\/wp\/v2\/tags?post=1255"}],"curies":[{"name":"wp","href":"https:\/\/api.w.org\/{rel}","templated":true}]}}