{"id":1251,"date":"2015-06-21T20:30:54","date_gmt":"2015-06-21T20:30:54","guid":{"rendered":"http:\/\/eec.cat\/blog\/?p=1251"},"modified":"2015-06-21T20:30:54","modified_gmt":"2015-06-21T20:30:54","slug":"dia-a-dia-22-de-juny-28-de-juny-2015","status":"publish","type":"post","link":"https:\/\/eec.cat\/blog\/dia-a-dia-22-de-juny-28-de-juny-2015\/","title":{"rendered":"Dia a Dia. 22 de juny &#8211; 28 de juny 2015"},"content":{"rendered":"<p><strong><span style=\"text-decoration: underline;\"><span style=\"color: #0000ff; text-decoration: underline;\"><a href=\"http:\/\/eec.cat\/blog\/wp-content\/uploads\/2015\/06\/sem-25-Veleros-en-Garbet-7100.jpg\"><img loading=\"lazy\" decoding=\"async\" class=\"alignleft size-thumbnail wp-image-1252\" src=\"http:\/\/eec.cat\/blog\/wp-content\/uploads\/2015\/06\/sem-25-Veleros-en-Garbet-7100-150x150.jpg\" alt=\"sem 25 Veleros  en Garbet 7100\" width=\"150\" height=\"150\" \/><\/a>Dilluns, 22 de juny<\/span><\/span><\/strong><br \/>\nMateu 6, 9<\/p>\n<p>Senyor i D\u00e9u meu, progenitor de la humanitat, que la meva vida glorifiqui el teu nom, que el teu poble proclami amb just\u00edcia i pau la teva bondat. Gr\u00e0cies Senyor perqu\u00e8 la dist\u00e0ncia que hi havia entre tu i jo, entre tu i la teva creaci\u00f3, ha sigut superada en Jes\u00fas, qui ens ha obert la porta de la teva pres\u00e8ncia.<\/p>\n<p><strong><span style=\"text-decoration: underline;\"><span style=\"color: #0000ff; text-decoration: underline;\">Dimarts, 23 de juny<\/span><\/span><\/strong><br \/>\nMateu 6, 10<\/p>\n<p>Senyor, que el teu Regne es faci realitat en aquesta terra, que tots els homes i totes les dones puguin viure en veritable just\u00edcia, que la vida de la teva creaci\u00f3 es desenvolupi amb harmonia i que tot all\u00f2 que meravell\u00f3s que hi ha en el lloc de la teva llar sigui tamb\u00e9 una realitat en mig d\u2019aquest m\u00f3n.<\/p>\n<p><strong><span style=\"text-decoration: underline;\"><span style=\"color: #0000ff; text-decoration: underline;\">Dimecres, 24 de juny<\/span><\/span><\/strong><br \/>\nMateu 6, 11<\/p>\n<p>Senyor, fes-nos generosos perqu\u00e8 cap persona passi gana, penso en tots aquells i aquelles que l\u2019egoisme de la humanitat a condemnat a viure en la pobresa, obre les meves mans per saber compartir tot el que m\u2019has donat.<\/p>\n<p><strong><span style=\"text-decoration: underline;\"><span style=\"color: #0000ff; text-decoration: underline;\">Dijous, 25 de juny<\/span><\/span><\/strong><br \/>\nMateu 6, 12<\/p>\n<p>Perdona\u2019m Senyor les meves errades i ensenya\u2019m a perdonar els altres com tu fas amb mi. Que l\u2019orgull i la venjan\u00e7a siguin eradicades de la meva vida, i que el meu cor destil\u00b7li amor i miseric\u00f2rdia per a tots i totes les que m\u2019envolten.<\/p>\n<p><strong><span style=\"text-decoration: underline;\"><span style=\"color: #0000ff; text-decoration: underline;\">Divendres, 26 de juny<\/span><\/span><\/strong><br \/>\nMateu 6, 13<\/p>\n<p>Allibera\u2019m Senyor de les cadenes del mal, que no em deixi conv\u00e8ncer ni captivar per les estructures d\u2019opressi\u00f3 que malbaraten les vides de tantes i tants. Que no m\u2019enganyin i caigui en la temptaci\u00f3 d\u2019oblidar tot all\u00f2 que has fet per la teva creaci\u00f3.<\/p>\n<p><strong><span style=\"text-decoration: underline;\"><span style=\"color: #0000ff; text-decoration: underline;\">Dissabte, 27 de juny<\/span><\/span><\/strong><br \/>\nDeuteronomi 4, 5-6<\/p>\n<p>Senyor i D\u00e9u meu, et demano que la teva paraula sempre sigui en el meu cor, que d\u2019ella aprengui a viure en la teva saviesa i el teu seny, i que la meva vida pugui ser exemple pels altres i proclamaci\u00f3 del teu amor i la teva bondat vers la teva creaci\u00f3.<\/p>\n<p><strong><span style=\"text-decoration: underline;\"><span style=\"color: #0000ff; text-decoration: underline;\">Diumenge, 28 de juny<\/span><\/span><\/strong><br \/>\nSalm 149<\/p>\n<p>Senyor i D\u00e9u meu, que aquest sigui un diumenge d\u2019alegria i joia, que el teu poble reunit canti al seu creador i al seu salvador. Que els nostres llavis proclamin una lloan\u00e7a de gratitud. No tenim noves paraules, per\u00f2 les que tenim volem oferir-les amb un nou Esperit renovat en una redempci\u00f3 que ens arriba dia rere dia.<\/p>\n","protected":false},"excerpt":{"rendered":"<p>Dilluns, 22 de juny Mateu 6, 9 Senyor i D\u00e9u meu, progenitor de la humanitat, que la meva vida glorifiqui el teu nom, que el teu poble proclami amb just\u00edcia i pau la teva bondat. Gr\u00e0cies Senyor perqu\u00e8 la dist\u00e0ncia que hi havia entre tu i jo, entre tu i la teva creaci\u00f3, ha sigut [&hellip;]<\/p>\n","protected":false},"author":1,"featured_media":0,"comment_status":"open","ping_status":"open","sticky":false,"template":"","format":"standard","meta":{"_jetpack_memberships_contains_paid_content":false,"footnotes":""},"categories":[7],"tags":[],"class_list":["post-1251","post","type-post","status-publish","format-standard","hentry","category-meditacions-diaries"],"jetpack_sharing_enabled":true,"jetpack_featured_media_url":"","_links":{"self":[{"href":"https:\/\/eec.cat\/blog\/wp-json\/wp\/v2\/posts\/1251","targetHints":{"allow":["GET"]}}],"collection":[{"href":"https:\/\/eec.cat\/blog\/wp-json\/wp\/v2\/posts"}],"about":[{"href":"https:\/\/eec.cat\/blog\/wp-json\/wp\/v2\/types\/post"}],"author":[{"embeddable":true,"href":"https:\/\/eec.cat\/blog\/wp-json\/wp\/v2\/users\/1"}],"replies":[{"embeddable":true,"href":"https:\/\/eec.cat\/blog\/wp-json\/wp\/v2\/comments?post=1251"}],"version-history":[{"count":0,"href":"https:\/\/eec.cat\/blog\/wp-json\/wp\/v2\/posts\/1251\/revisions"}],"wp:attachment":[{"href":"https:\/\/eec.cat\/blog\/wp-json\/wp\/v2\/media?parent=1251"}],"wp:term":[{"taxonomy":"category","embeddable":true,"href":"https:\/\/eec.cat\/blog\/wp-json\/wp\/v2\/categories?post=1251"},{"taxonomy":"post_tag","embeddable":true,"href":"https:\/\/eec.cat\/blog\/wp-json\/wp\/v2\/tags?post=1251"}],"curies":[{"name":"wp","href":"https:\/\/api.w.org\/{rel}","templated":true}]}}