{"id":1241,"date":"2015-06-15T05:51:37","date_gmt":"2015-06-15T05:51:37","guid":{"rendered":"http:\/\/eec.cat\/blog\/?p=1241"},"modified":"2015-06-15T05:51:37","modified_gmt":"2015-06-15T05:51:37","slug":"dia-a-dia-15-de-juny-21-de-juny-2015","status":"publish","type":"post","link":"https:\/\/eec.cat\/blog\/dia-a-dia-15-de-juny-21-de-juny-2015\/","title":{"rendered":"Dia a Dia. 15 de juny &#8211; 21 de juny 2015"},"content":{"rendered":"<p><strong><span style=\"text-decoration: underline;\"><span style=\"color: #0000ff; text-decoration: underline;\"><a href=\"http:\/\/eec.cat\/blog\/wp-content\/uploads\/2015\/06\/sem-10-Paraje-de-Tudela-0429.jpg\"><img loading=\"lazy\" decoding=\"async\" class=\"alignleft size-thumbnail wp-image-1242\" src=\"http:\/\/eec.cat\/blog\/wp-content\/uploads\/2015\/06\/sem-10-Paraje-de-Tudela-0429-150x150.jpg\" alt=\"sem 10 Paraje de Tudela 0429\" width=\"150\" height=\"150\" \/><\/a>Dilluns, 15 de juny<\/span><\/span><\/strong><br \/>\nColossencs 3, 12-17<\/p>\n<p>Senyor i D\u00e9u meu, desitjo seguir les passes del teu fill, que la meva vida sigui exemple per els qui m\u2019envolten, per\u00f2 per aix\u00f2 haig d\u2019estar disposada a cr\u00e9ixer en el teu coneixement. Et demano que m\u2019omplis de ganes d\u2019escoltar-te, que sempre em vingui de gust parlar amb tu, i que el teu Esperit m\u2019acompanyi ensenyant-me cada dia.<\/p>\n<p><strong><span style=\"text-decoration: underline;\"><span style=\"color: #0000ff; text-decoration: underline;\">Dimarts, 16 de juny<\/span><\/span><\/strong><br \/>\nJaume 1, 2-8<\/p>\n<p>Senyor, vull demanar-te amb fe, vull que la meva confian\u00e7a en tu mai no trontolli, per\u00f2 el cert \u00e9s que moltes vegades la meva fe i la meva confian\u00e7a dubten, perqu\u00e8 miro els perills que m\u2019envolten i tinc por. Et demano Senyor que facis cr\u00e9ixer la meva fe perqu\u00e8 pugui demanar-te i tu puguis instruir-me, perqu\u00e8 solament et miri a tu.<\/p>\n<p><strong><span style=\"text-decoration: underline;\"><span style=\"color: #0000ff; text-decoration: underline;\">Dimecres, 17 de juny<\/span><\/span><\/strong><br \/>\nJaume 3, 13-18<\/p>\n<p>Senyor i D\u00e9u meu, et demano que cada dia omplis la meva vida del teu coneixement, de la teva saviesa que em faci actuar amb just\u00edcia i pau per als qui m\u2019envolten. Que no oblidi mai que tot aix\u00f2 \u00e9s un do teu, que no han sigut els meus m\u00e8rits els que ho han aconseguit. Omple\u2019m del teu Esperit perqu\u00e8 pugui viure com \u00e9s digna d\u2019una filla teva.<\/p>\n<p><strong><span style=\"text-decoration: underline;\"><span style=\"color: #0000ff; text-decoration: underline;\">Dijous, 18 de juny<\/span><\/span><\/strong><br \/>\nRomans 12, 14-21<\/p>\n<p>Senyor, quan escolto la teva paraula m\u2019adono de que el fruit de la saviesa \u00e9s una vida que sigui del teu grat, per\u00f2 fallo tantes vegades que sembla com si, despr\u00e9s de tants anys de seguiment, no hagi apr\u00e9s res. Ajuda\u2019m Senyor a seguir endavant en aquest cam\u00ed de con\u00e8ixer-te i omple\u2019m de forces per tirar endavant.<\/p>\n<p><strong><span style=\"text-decoration: underline;\"><span style=\"color: #0000ff; text-decoration: underline;\">Divendres, 19 de juny<\/span><\/span><\/strong><br \/>\nEfesis 5, 15-20<\/p>\n<p>Senyor i D\u00e9u meu, que la teva saviesa transformi la meva vida, que tota jo sigui una lloan\u00e7a plena del teu amor. Que el teu seny m\u2019acompanyi i el teu Esperit em sigui un mestre. Gr\u00e0cies Senyor perqu\u00e8 all\u00e0 on jo fallo tu m\u2019estimes, i quan erro en els meus camins tu em surt a buscar. Gr\u00e0cies en nom del meu Senyor Jesucrist.<\/p>\n<p><strong><span style=\"text-decoration: underline;\"><span style=\"color: #0000ff; text-decoration: underline;\">Dissabte, 20 de juny<\/span><\/span><\/strong><br \/>\n2 Timoteu 3, 14-17<\/p>\n<p>Et dono gr\u00e0cies Senyor per la teva Paraula, gr\u00e0cies perqu\u00e8 en ella trobo la inspiraci\u00f3 per la meva vida, i gr\u00e0cies a ella puc aprendre de tu i del que vols per mi. Et demano que en la meva lectura sempre sigui present l\u2019Esperit Sant, perqu\u00e8 la teva saviesa m\u2019ompli del coneixement de tot all\u00f2 que \u00e9s bo.<\/p>\n<p><strong><span style=\"text-decoration: underline;\"><span style=\"color: #0000ff; text-decoration: underline;\">Diumenge, 21 de juny<\/span><\/span><\/strong><br \/>\nSalm 145<\/p>\n<p>Quan recordo tot el que has fet per mi, com m\u2019has sostingut en les dificultats i m\u2019has ensenyat i corregit, quan penso en tantes i tantes coses que has fet a la meva vida, Senyor no puc deixar de lloar-te i donar-te gr\u00e0cies. En tu est\u00e0 la meva ajuda, en la teva fidelitat creix la meva fe i en el teu amor construeixo la meva vida. Que vingui el teu regne D\u00e9u meu, que la teva just\u00edcia sigui una realitat en mig de la teva creaci\u00f3.<\/p>\n","protected":false},"excerpt":{"rendered":"<p>Dilluns, 15 de juny Colossencs 3, 12-17 Senyor i D\u00e9u meu, desitjo seguir les passes del teu fill, que la meva vida sigui exemple per els qui m\u2019envolten, per\u00f2 per aix\u00f2 haig d\u2019estar disposada a cr\u00e9ixer en el teu coneixement. Et demano que m\u2019omplis de ganes d\u2019escoltar-te, que sempre em vingui de gust parlar amb [&hellip;]<\/p>\n","protected":false},"author":1,"featured_media":0,"comment_status":"open","ping_status":"open","sticky":false,"template":"","format":"standard","meta":{"_jetpack_memberships_contains_paid_content":false,"footnotes":""},"categories":[7],"tags":[],"class_list":["post-1241","post","type-post","status-publish","format-standard","hentry","category-meditacions-diaries"],"jetpack_sharing_enabled":true,"jetpack_featured_media_url":"","_links":{"self":[{"href":"https:\/\/eec.cat\/blog\/wp-json\/wp\/v2\/posts\/1241","targetHints":{"allow":["GET"]}}],"collection":[{"href":"https:\/\/eec.cat\/blog\/wp-json\/wp\/v2\/posts"}],"about":[{"href":"https:\/\/eec.cat\/blog\/wp-json\/wp\/v2\/types\/post"}],"author":[{"embeddable":true,"href":"https:\/\/eec.cat\/blog\/wp-json\/wp\/v2\/users\/1"}],"replies":[{"embeddable":true,"href":"https:\/\/eec.cat\/blog\/wp-json\/wp\/v2\/comments?post=1241"}],"version-history":[{"count":0,"href":"https:\/\/eec.cat\/blog\/wp-json\/wp\/v2\/posts\/1241\/revisions"}],"wp:attachment":[{"href":"https:\/\/eec.cat\/blog\/wp-json\/wp\/v2\/media?parent=1241"}],"wp:term":[{"taxonomy":"category","embeddable":true,"href":"https:\/\/eec.cat\/blog\/wp-json\/wp\/v2\/categories?post=1241"},{"taxonomy":"post_tag","embeddable":true,"href":"https:\/\/eec.cat\/blog\/wp-json\/wp\/v2\/tags?post=1241"}],"curies":[{"name":"wp","href":"https:\/\/api.w.org\/{rel}","templated":true}]}}