{"id":1237,"date":"2015-06-10T07:44:27","date_gmt":"2015-06-10T07:44:27","guid":{"rendered":"http:\/\/eec.cat\/blog\/?p=1237"},"modified":"2015-06-10T07:44:47","modified_gmt":"2015-06-10T07:44:47","slug":"manfred-benzing-ha-pasado-a-la-presencia-del-senor","status":"publish","type":"post","link":"https:\/\/eec.cat\/blog\/manfred-benzing-ha-pasado-a-la-presencia-del-senor\/","title":{"rendered":"Manfred Benzing ha pasado a la presencia del Se\u00f1or"},"content":{"rendered":"<figure id=\"attachment_1238\" aria-describedby=\"caption-attachment-1238\" style=\"width: 258px\" class=\"wp-caption alignleft\"><img loading=\"lazy\" decoding=\"async\" class=\"size-medium wp-image-1238\" src=\"http:\/\/eec.cat\/blog\/wp-content\/uploads\/2015\/06\/manfred-Benzing-258x300.jpg\" alt=\"Manfred Benzing\" width=\"258\" height=\"300\" srcset=\"https:\/\/eec.cat\/blog\/wp-content\/uploads\/2015\/06\/manfred-Benzing-258x300.jpg 258w, https:\/\/eec.cat\/blog\/wp-content\/uploads\/2015\/06\/manfred-Benzing.jpg 300w\" sizes=\"auto, (max-width: 258px) 100vw, 258px\" \/><figcaption id=\"caption-attachment-1238\" class=\"wp-caption-text\">Manfred Benzing<\/figcaption><\/figure>\n<p>Hay noticias que son dif\u00edciles de comunicar. Y esta es una de ellas. Nuestro hermano y compa\u00f1ero Manfred Benzing ha fallecido, ha pasado a la presencia de su Se\u00f1or y el nuestro. Ten\u00eda 57 a\u00f1os. Y es que la muerte, en ocasiones, llega sin avisar. Regresaba de pasar unos d\u00edas de su Alemania natal, y cuando ha llegado a M\u00e1laga, hoy 8 de junio, ha ca\u00eddo desplomado. Ninguno esper\u00e1bamos su partida. Estamos conmocionados.<\/p>\n<p>Manfred era el Director del Centro Ecum\u00e9nico \u201cLos Rubios\u201d (M\u00e1laga). A\u00fan recordamos la entra\u00f1able acogida a sus compa\u00f1eros de ministerio, pastores y pastoras de la Iglesia Evang\u00e9lica Espa\u00f1ola, para celebrar su encuentro anual hace algunos a\u00f1os. Tambi\u00e9n hacemos memoria de los d\u00edas de nuestro \u00faltimo S\u00ednodo celebrado en M\u00e1laga. Ahora ya no podremos conversar m\u00e1s con \u00e9l, ni compartir sentires y esperanzas acerca de la obra, el ministerio y de su iglesia, la Iglesia Evang\u00e9lica Espa\u00f1ola. Sin embargo, desde la fe que nos es com\u00fan, creemos en la gracia de la resurrecci\u00f3n, en ese momento nos reencontraremos con Manfred.<\/p>\n<p>Manfred fue durante muchos a\u00f1os miembro de nuestra iglesia en Granada. A partir del a\u00f1o 2008 se hizo cargo de la direcci\u00f3n del Centro Ecum\u00e9nico \u201cLos Rubios\u201d, haciendo una magnifica gesti\u00f3n del centro. En este momento elevamos una oraci\u00f3n por su familia, y todos aquellos que compartieron vida e ilusiones con \u00e9l desde que lleg\u00f3 a Espa\u00f1a.<\/p>\n","protected":false},"excerpt":{"rendered":"<p>Hay noticias que son dif\u00edciles de comunicar. Y esta es una de ellas. Nuestro hermano y compa\u00f1ero Manfred Benzing ha fallecido, ha pasado a la presencia de su Se\u00f1or y el nuestro. Ten\u00eda 57 a\u00f1os. Y es que la muerte, en ocasiones, llega sin avisar. Regresaba de pasar unos d\u00edas de su Alemania natal, y [&hellip;]<\/p>\n","protected":false},"author":1,"featured_media":1238,"comment_status":"open","ping_status":"open","sticky":false,"template":"","format":"standard","meta":{"_jetpack_memberships_contains_paid_content":false,"footnotes":""},"categories":[4],"tags":[84],"class_list":["post-1237","post","type-post","status-publish","format-standard","has-post-thumbnail","hentry","category-noticies","tag-manfred-benzing"],"jetpack_sharing_enabled":true,"jetpack_featured_media_url":"https:\/\/eec.cat\/blog\/wp-content\/uploads\/2015\/06\/manfred-Benzing.jpg","_links":{"self":[{"href":"https:\/\/eec.cat\/blog\/wp-json\/wp\/v2\/posts\/1237","targetHints":{"allow":["GET"]}}],"collection":[{"href":"https:\/\/eec.cat\/blog\/wp-json\/wp\/v2\/posts"}],"about":[{"href":"https:\/\/eec.cat\/blog\/wp-json\/wp\/v2\/types\/post"}],"author":[{"embeddable":true,"href":"https:\/\/eec.cat\/blog\/wp-json\/wp\/v2\/users\/1"}],"replies":[{"embeddable":true,"href":"https:\/\/eec.cat\/blog\/wp-json\/wp\/v2\/comments?post=1237"}],"version-history":[{"count":0,"href":"https:\/\/eec.cat\/blog\/wp-json\/wp\/v2\/posts\/1237\/revisions"}],"wp:featuredmedia":[{"embeddable":true,"href":"https:\/\/eec.cat\/blog\/wp-json\/wp\/v2\/media\/1238"}],"wp:attachment":[{"href":"https:\/\/eec.cat\/blog\/wp-json\/wp\/v2\/media?parent=1237"}],"wp:term":[{"taxonomy":"category","embeddable":true,"href":"https:\/\/eec.cat\/blog\/wp-json\/wp\/v2\/categories?post=1237"},{"taxonomy":"post_tag","embeddable":true,"href":"https:\/\/eec.cat\/blog\/wp-json\/wp\/v2\/tags?post=1237"}],"curies":[{"name":"wp","href":"https:\/\/api.w.org\/{rel}","templated":true}]}}