{"id":1234,"date":"2015-06-08T05:53:41","date_gmt":"2015-06-08T05:53:41","guid":{"rendered":"http:\/\/eec.cat\/blog\/?p=1234"},"modified":"2015-06-08T05:53:41","modified_gmt":"2015-06-08T05:53:41","slug":"es-celebrara-a-barcelona-lassemblea-general-deurodiaconia","status":"publish","type":"post","link":"https:\/\/eec.cat\/blog\/es-celebrara-a-barcelona-lassemblea-general-deurodiaconia\/","title":{"rendered":"Es celebrar\u00e0 a Barcelona l\u00b4assemblea General d\u00b4Eurodiaconia"},"content":{"rendered":"<p><a href=\"http:\/\/eec.cat\/blog\/wp-content\/uploads\/2015\/06\/eurodiacona-300x298.png\"><img loading=\"lazy\" decoding=\"async\" class=\"alignleft size-thumbnail wp-image-1235\" src=\"http:\/\/eec.cat\/blog\/wp-content\/uploads\/2015\/06\/eurodiacona-300x298-150x150.png\" alt=\"eurodiacona-300x298\" width=\"150\" height=\"150\" srcset=\"https:\/\/eec.cat\/blog\/wp-content\/uploads\/2015\/06\/eurodiacona-300x298-150x150.png 150w, https:\/\/eec.cat\/blog\/wp-content\/uploads\/2015\/06\/eurodiacona-300x298.png 300w\" sizes=\"auto, (max-width: 150px) 100vw, 150px\" \/><\/a>Eurodiaconia celebrar\u00e0 els dies 10, 11 i 12 de juny a Barcelona la seva Assemblea General. L\u2019Esgl\u00e9sia Evang\u00e8lica de Catalunya es reunir\u00e0 amb ells per presentar la nostra obra diac\u00f2nica, tot desitjan-los que siguin dies profitosos per aprofundir amb el seu comprom\u00eds amb els altres.<\/p>\n<p>Eurodiaconia\u00a0\u00e9s una comunitat europea d\u2019organitzacions basades en la fe cristiana que treballen en la tradici\u00f3 de la Diaconia. Estan compromeses amb l\u2019Europa de la solidaritat, la igualtat i la just\u00edcia. Actualment t\u00e9 43 membres en 22 pa\u00edsos. Els seus membres s\u00f3n esgl\u00e9sies, organitzacions de benestar no oficials i organizacions no governamentals a Europa, fonamentades en la fe cristiana dins de les tradicions de la Reforma, tamb\u00e9 anglicanes i ortodoxes.<\/p>\n","protected":false},"excerpt":{"rendered":"<p>Eurodiaconia celebrar\u00e0 els dies 10, 11 i 12 de juny a Barcelona la seva Assemblea General. L\u2019Esgl\u00e9sia Evang\u00e8lica de Catalunya es reunir\u00e0 amb ells per presentar la nostra obra diac\u00f2nica, tot desitjan-los que siguin dies profitosos per aprofundir amb el seu comprom\u00eds amb els altres. Eurodiaconia\u00a0\u00e9s una comunitat europea d\u2019organitzacions basades en la fe cristiana [&hellip;]<\/p>\n","protected":false},"author":1,"featured_media":0,"comment_status":"open","ping_status":"open","sticky":false,"template":"","format":"standard","meta":{"_jetpack_memberships_contains_paid_content":false,"footnotes":""},"categories":[4],"tags":[],"class_list":["post-1234","post","type-post","status-publish","format-standard","hentry","category-noticies"],"jetpack_sharing_enabled":true,"jetpack_featured_media_url":"","_links":{"self":[{"href":"https:\/\/eec.cat\/blog\/wp-json\/wp\/v2\/posts\/1234","targetHints":{"allow":["GET"]}}],"collection":[{"href":"https:\/\/eec.cat\/blog\/wp-json\/wp\/v2\/posts"}],"about":[{"href":"https:\/\/eec.cat\/blog\/wp-json\/wp\/v2\/types\/post"}],"author":[{"embeddable":true,"href":"https:\/\/eec.cat\/blog\/wp-json\/wp\/v2\/users\/1"}],"replies":[{"embeddable":true,"href":"https:\/\/eec.cat\/blog\/wp-json\/wp\/v2\/comments?post=1234"}],"version-history":[{"count":0,"href":"https:\/\/eec.cat\/blog\/wp-json\/wp\/v2\/posts\/1234\/revisions"}],"wp:attachment":[{"href":"https:\/\/eec.cat\/blog\/wp-json\/wp\/v2\/media?parent=1234"}],"wp:term":[{"taxonomy":"category","embeddable":true,"href":"https:\/\/eec.cat\/blog\/wp-json\/wp\/v2\/categories?post=1234"},{"taxonomy":"post_tag","embeddable":true,"href":"https:\/\/eec.cat\/blog\/wp-json\/wp\/v2\/tags?post=1234"}],"curies":[{"name":"wp","href":"https:\/\/api.w.org\/{rel}","templated":true}]}}