{"id":1231,"date":"2015-06-08T05:47:24","date_gmt":"2015-06-08T05:47:24","guid":{"rendered":"http:\/\/eec.cat\/blog\/?p=1231"},"modified":"2015-06-08T05:47:24","modified_gmt":"2015-06-08T05:47:24","slug":"dia-a-dia-8-de-juny-14-de-juny-2015","status":"publish","type":"post","link":"https:\/\/eec.cat\/blog\/dia-a-dia-8-de-juny-14-de-juny-2015\/","title":{"rendered":"Dia a Dia. 8 de juny &#8211; 14 de juny 2015"},"content":{"rendered":"<p><strong><span style=\"text-decoration: underline;\"><span style=\"color: #0000ff; text-decoration: underline;\"><a href=\"http:\/\/eec.cat\/blog\/wp-content\/uploads\/2015\/06\/sem-21-Paraje-de-Tudela-0768.jpg\"><img loading=\"lazy\" decoding=\"async\" class=\"alignleft size-thumbnail wp-image-1232\" src=\"http:\/\/eec.cat\/blog\/wp-content\/uploads\/2015\/06\/sem-21-Paraje-de-Tudela-0768-150x150.jpg\" alt=\"sem 21 Paraje de Tudela 0768\" width=\"150\" height=\"150\" \/><\/a>Dilluns, 8 de juny<\/span><\/span><\/strong><br \/>\n1 Corintis 2, 6-16<\/p>\n<p>Veritablement, Senyor, tota la teva saviesa ha quedat a la llum en la persona del teu fill Jes\u00fas, gr\u00e0cies per ell, gr\u00e0cies perqu\u00e8 en el teu Esperit l\u2019hem pogut con\u00e8ixer, i et demano que sigui ell inspiraci\u00f3 per la meva vida i que d\u2019ell pugui aprendre quin s\u00f3n els camins que vols per la meva vida.<\/p>\n<p><strong><span style=\"text-decoration: underline;\"><span style=\"color: #0000ff; text-decoration: underline;\">Dimarts, 9 de juny<\/span><\/span><\/strong><br \/>\n1 Corintis 12, 4-11<\/p>\n<p>Senyor, et demano saviesa per a apreciar cadascun dels dons que hi ha en els meus germans i les meves germanes, que en la vida de totes i tots trobi jo el reflex del teu Esperit. No deixis Senyor que oblidi que la teva pres\u00e8ncia \u00e9s una realitat a les vides de tots els teus fills i les teves filles.<\/p>\n<p><strong><span style=\"text-decoration: underline;\"><span style=\"color: #0000ff; text-decoration: underline;\">Dimecres, 10 de juny<\/span><\/span><\/strong><br \/>\nCorintis 13<\/p>\n<p>Ai Senyor, busquem i busquem, busquem saviesa, intel\u00b7lig\u00e8ncia, seny, busquem paraules encoratjadores i fins i tot miracles, per\u00f2 la realitat \u00e9s que, m\u00e9s important que tot, per sobre de tot, solament pot estar l\u2019amor, aquest amor que tu has vesat sobre nosaltres, que ha sigut pacient i bondad\u00f3s amb totes i tots. Senyor, ensenya\u2019ns a estimar m\u00e9s, perqu\u00e8 aquesta \u00e9s la veritable saviesa del coneixement de Jes\u00fas.<\/p>\n<p><strong><span style=\"text-decoration: underline;\"><span style=\"color: #0000ff; text-decoration: underline;\">Dijous, 11 de juny<\/span><\/span><\/strong><br \/>\nEfesis 1, 3-14<\/p>\n<p>Gr\u00e0cies D\u00e9u meu perqu\u00e8 la teva gr\u00e0cia vers mi ha sigut infinita, gr\u00e0cies D\u00e9u meu perqu\u00e8 una vegada i un altre el perd\u00f3 i la miseric\u00f2rdia ha presidit la nostra relaci\u00f3. Qu\u00e8 no oblidi mai Senyor tot el que m\u2019has estimat, que no deixi de recordar cada mat\u00ed que m\u2019has omplert dels teus dons i que cada nit s\u00e0piga donar-te gr\u00e0cies per tot el que fas per mi.<\/p>\n<p><strong><span style=\"text-decoration: underline;\"><span style=\"color: #0000ff; text-decoration: underline;\">Divendres, 12 de juny<\/span><\/span><\/strong><br \/>\nEfesis 3, 8-13<\/p>\n<p>Senyor i D\u00e9u meu, que no oblidem mai que en nosaltres, en la teva esgl\u00e9sia, el m\u00f3n et mira a tu, que destil\u00b7lem la teva saviesa en cadascuna de les nostres accions, que mostrem amb les nostres paraules i els nostres fets el gran amor que tens per la teva creaci\u00f3. Senyor que en nosaltres trobin un cam\u00ed cap a tu.<\/p>\n<p><strong><span style=\"text-decoration: underline;\"><span style=\"color: #0000ff; text-decoration: underline;\">Dissabte, 13 de juny<\/span><\/span><\/strong><br \/>\nColossencs 2, 1-5<\/p>\n<p>Senyor, que com l\u2019ap\u00f2stol Pau tinguem aquest desig de compartir la meravella de l\u2019obra del Crist amb totes i tots els que ens envolten, que com ell posem per davant de tot el seguiment i el servei al teu poble i a la teva missi\u00f3. I que com ell, Senyor, ens adonem que tot el coneixement i tota la saviesa l\u2019has mostrat en Jes\u00fas.<\/p>\n<p><strong><span style=\"text-decoration: underline;\"><span style=\"color: #0000ff; text-decoration: underline;\">Diumenge, 14 de juny<\/span><\/span><\/strong><br \/>\nSalm 138<\/p>\n<p>Vull cantar-te Senyor, perqu\u00e8 has fet en la meva vida grans meravelles. Vull lloar-te Senyor perqu\u00e8 la teva m\u00e0 m\u2019ha acompanyat fins i tot en els moments m\u00e9s foscos. Vull agrair-te tot el que has fet per mi, i crida al m\u00f3n que m\u2019estimes i que no t\u2019has oblidat mai de mi. Gr\u00e0cies D\u00e9u meu.<\/p>\n","protected":false},"excerpt":{"rendered":"<p>Dilluns, 8 de juny 1 Corintis 2, 6-16 Veritablement, Senyor, tota la teva saviesa ha quedat a la llum en la persona del teu fill Jes\u00fas, gr\u00e0cies per ell, gr\u00e0cies perqu\u00e8 en el teu Esperit l\u2019hem pogut con\u00e8ixer, i et demano que sigui ell inspiraci\u00f3 per la meva vida i que d\u2019ell pugui aprendre quin [&hellip;]<\/p>\n","protected":false},"author":1,"featured_media":0,"comment_status":"open","ping_status":"open","sticky":false,"template":"","format":"standard","meta":{"_jetpack_memberships_contains_paid_content":false,"footnotes":""},"categories":[7],"tags":[],"class_list":["post-1231","post","type-post","status-publish","format-standard","hentry","category-meditacions-diaries"],"jetpack_sharing_enabled":true,"jetpack_featured_media_url":"","_links":{"self":[{"href":"https:\/\/eec.cat\/blog\/wp-json\/wp\/v2\/posts\/1231","targetHints":{"allow":["GET"]}}],"collection":[{"href":"https:\/\/eec.cat\/blog\/wp-json\/wp\/v2\/posts"}],"about":[{"href":"https:\/\/eec.cat\/blog\/wp-json\/wp\/v2\/types\/post"}],"author":[{"embeddable":true,"href":"https:\/\/eec.cat\/blog\/wp-json\/wp\/v2\/users\/1"}],"replies":[{"embeddable":true,"href":"https:\/\/eec.cat\/blog\/wp-json\/wp\/v2\/comments?post=1231"}],"version-history":[{"count":0,"href":"https:\/\/eec.cat\/blog\/wp-json\/wp\/v2\/posts\/1231\/revisions"}],"wp:attachment":[{"href":"https:\/\/eec.cat\/blog\/wp-json\/wp\/v2\/media?parent=1231"}],"wp:term":[{"taxonomy":"category","embeddable":true,"href":"https:\/\/eec.cat\/blog\/wp-json\/wp\/v2\/categories?post=1231"},{"taxonomy":"post_tag","embeddable":true,"href":"https:\/\/eec.cat\/blog\/wp-json\/wp\/v2\/tags?post=1231"}],"curies":[{"name":"wp","href":"https:\/\/api.w.org\/{rel}","templated":true}]}}