{"id":1227,"date":"2015-06-01T06:04:18","date_gmt":"2015-06-01T06:04:18","guid":{"rendered":"http:\/\/eec.cat\/blog\/?p=1227"},"modified":"2015-06-01T06:04:18","modified_gmt":"2015-06-01T06:04:18","slug":"dia-a-dia-1-de-juny-7-de-juny-2015","status":"publish","type":"post","link":"https:\/\/eec.cat\/blog\/dia-a-dia-1-de-juny-7-de-juny-2015\/","title":{"rendered":"Dia a Dia. 1 de Juny &#8211; 7 de Juny 2015"},"content":{"rendered":"<p><strong><span style=\"text-decoration: underline;\"><span style=\"color: #0000ff; text-decoration: underline;\"><a href=\"http:\/\/eec.cat\/blog\/wp-content\/uploads\/2015\/06\/sem-39-Por-lligat-8926.jpg\"><img loading=\"lazy\" decoding=\"async\" class=\"alignleft size-thumbnail wp-image-1228\" src=\"http:\/\/eec.cat\/blog\/wp-content\/uploads\/2015\/06\/sem-39-Por-lligat-8926-150x150.jpg\" alt=\"sem 39 Por lligat 8926\" width=\"150\" height=\"150\" \/><\/a>Dilluns, 1 de juny<\/span><\/span><\/strong><br \/>\nMarc 6, 1-3<\/p>\n<p>Senyor, certament masses vegades el prejudicis que tenim vers els altres ens impedeixen de veure tot all\u00f2 que tu has fet a les seves vides. Com Jes\u00fas, en el seu poble, que no veien m\u00e9s enll\u00e0 de que era el fuster i que coneixien la seva fam\u00edlia, nosaltres no mirem el cor de les persones, sin\u00f3 les etiquetes que porten penjades. Per\u00f2 tu has prom\u00e8s que el teu esperit i la teva saviesa estarien a l\u2019abast de totes i tots, no permetis que ho oblidi mai.<\/p>\n<p><strong><span style=\"text-decoration: underline;\"><span style=\"color: #0000ff; text-decoration: underline;\">Dimarts, 2 de juny<\/span><\/span><\/strong><br \/>\nLluc 21, 12-19<\/p>\n<p>\u00c9s curi\u00f3s Senyor com textos que pens\u00e0vem que pertanyien a un passat lluny\u00e0 s\u2019han posat avui altre cop de manifest; la persecuci\u00f3 del teu poble ha sigut sempre una realitat en aquest m\u00f3n, per\u00f2 certament avui est\u00e0 molt estesa. Sabem que en Jes\u00fas \u00e9s on podem trobar la saviesa que tu ens has prom\u00e8s, fes que siguem capa\u00e7os de fer-ho per enfrontar-nos a aquest moment terribles. Cuida al teu poble, Senyor.<\/p>\n<p><strong><span style=\"text-decoration: underline;\"><span style=\"color: #0000ff; text-decoration: underline;\">Dimecres, 3 de juny<\/span><\/span><\/strong><br \/>\nFets 2, 14-21<\/p>\n<p>Gr\u00e0cies Senyor per el teu Esperit Sant, que ens has atorgat com el m\u00e9s gran do per les nostres vides; en ell resideix la font de la teva saviesa, perqu\u00e8 \u00e9s a trav\u00e9s d\u2019ell que ens podem apropar a tu i con\u00e8ixer-te. Gr\u00e0cies perqu\u00e8 en ell s\u2019ha fet realitat la promesa de que totes i tots tenim acc\u00e9s a tu i a la teva intel\u00b7lig\u00e8ncia. Gr\u00e0cies perqu\u00e8 no has amagat el teu Esperit a la teva creaci\u00f3.<\/p>\n<p><strong><span style=\"text-decoration: underline;\"><span style=\"color: #0000ff; text-decoration: underline;\">Dijous, 4 de juny<\/span><\/span><\/strong><br \/>\nFets 6, 1-7<\/p>\n<p>Hem de recon\u00e8ixer davant teu, Senyor, que moltes vegades hi ha disc\u00f2rdies entre nosaltres, els teus fills i les teves filles, per aix\u00f2 et vull demanar que ens omplis de saviesa i del teu Esperit, que en el coneixement de Jes\u00fas puguem ser veritables deixebles que treballin amb harmonia i que donem amb les nostres vides el testimoni de que hi ha una nova manera de fer.<\/p>\n<p><strong><span style=\"text-decoration: underline;\"><span style=\"color: #0000ff; text-decoration: underline;\">Divendres, 5 de juny<\/span><\/span><\/strong><br \/>\nRomans 11, 33-36<\/p>\n<p>Qui pot entendre Senyor tot el que fas? Quin \u00e9sser hum\u00e0 podr\u00e0 dir: el Senyor ho far\u00e0 d\u2019aquesta manera. Certament ets tant diferent de nosaltres que la nostra ment no pot abastar la teva grandesa. Per\u00f2 Senyor, davant teu reconeixem que ens has omplert de les teves riqueses, gr\u00e0cies perqu\u00e8 has sigut gener\u00f3s amb nosaltres i no ens ha de mancar res, tot ho has posat al nostre abast.<\/p>\n<p><strong><span style=\"text-decoration: underline;\"><span style=\"color: #0000ff; text-decoration: underline;\">Dissabte, 6 de juny<\/span><\/span><\/strong><br \/>\n1 Corintis 1, 18-25<\/p>\n<p>Com d\u2019errats hem viscut tantes vegades! Ens perdem en filosofies vanes, que semblen explicar-nos el m\u00f3n, busquem la saviesa humana, per\u00f2 a la fi \u00e9s solament mirant al teu fill que podem arribar al veritable coneixement. Gr\u00e0cies Senyor, perqu\u00e8 ens sorprens amb les teves accions, que sempre son mogudes per l\u2019amor.<\/p>\n<p><strong><span style=\"text-decoration: underline;\"><span style=\"color: #0000ff; text-decoration: underline;\">Diumenge, 7 de juny<\/span><\/span><\/strong><br \/>\nSalm 133<\/p>\n<p>Gr\u00e0cies Senyor per la teva congregaci\u00f3, gr\u00e0cies per tots els germans i les germanes que has posat a la meva vida. Aquest mat\u00ed totes i tots junts ens acostarem a tu per donar-te gr\u00e0cies, per celebrar el teu amor. Envia\u2019ns Senyor la teva benedicci\u00f3, que la teva vida ompli les nostres de sentit.<\/p>\n","protected":false},"excerpt":{"rendered":"<p>Dilluns, 1 de juny Marc 6, 1-3 Senyor, certament masses vegades el prejudicis que tenim vers els altres ens impedeixen de veure tot all\u00f2 que tu has fet a les seves vides. Com Jes\u00fas, en el seu poble, que no veien m\u00e9s enll\u00e0 de que era el fuster i que coneixien la seva fam\u00edlia, nosaltres [&hellip;]<\/p>\n","protected":false},"author":1,"featured_media":0,"comment_status":"open","ping_status":"open","sticky":false,"template":"","format":"standard","meta":{"_jetpack_memberships_contains_paid_content":false,"footnotes":""},"categories":[1],"tags":[],"class_list":["post-1227","post","type-post","status-publish","format-standard","hentry","category-general"],"jetpack_sharing_enabled":true,"jetpack_featured_media_url":"","_links":{"self":[{"href":"https:\/\/eec.cat\/blog\/wp-json\/wp\/v2\/posts\/1227","targetHints":{"allow":["GET"]}}],"collection":[{"href":"https:\/\/eec.cat\/blog\/wp-json\/wp\/v2\/posts"}],"about":[{"href":"https:\/\/eec.cat\/blog\/wp-json\/wp\/v2\/types\/post"}],"author":[{"embeddable":true,"href":"https:\/\/eec.cat\/blog\/wp-json\/wp\/v2\/users\/1"}],"replies":[{"embeddable":true,"href":"https:\/\/eec.cat\/blog\/wp-json\/wp\/v2\/comments?post=1227"}],"version-history":[{"count":0,"href":"https:\/\/eec.cat\/blog\/wp-json\/wp\/v2\/posts\/1227\/revisions"}],"wp:attachment":[{"href":"https:\/\/eec.cat\/blog\/wp-json\/wp\/v2\/media?parent=1227"}],"wp:term":[{"taxonomy":"category","embeddable":true,"href":"https:\/\/eec.cat\/blog\/wp-json\/wp\/v2\/categories?post=1227"},{"taxonomy":"post_tag","embeddable":true,"href":"https:\/\/eec.cat\/blog\/wp-json\/wp\/v2\/tags?post=1227"}],"curies":[{"name":"wp","href":"https:\/\/api.w.org\/{rel}","templated":true}]}}