{"id":1222,"date":"2015-05-28T20:45:44","date_gmt":"2015-05-28T20:45:44","guid":{"rendered":"http:\/\/eec.cat\/blog\/?p=1222"},"modified":"2015-05-28T20:48:43","modified_gmt":"2015-05-28T20:48:43","slug":"subvenciones-per-a-larranjament-de-centres-de-culte","status":"publish","type":"post","link":"https:\/\/eec.cat\/blog\/subvenciones-per-a-larranjament-de-centres-de-culte\/","title":{"rendered":"Subvenciones per a l\u00b4arranjament de centres de culte"},"content":{"rendered":"<h2><\/h2>\n<p><a href=\"http:\/\/eec.cat\/blog\/wp-content\/uploads\/2015\/05\/images-3.jpg\"><img loading=\"lazy\" decoding=\"async\" class=\"alignleft size-full wp-image-1223\" src=\"http:\/\/eec.cat\/blog\/wp-content\/uploads\/2015\/05\/images-3.jpg\" alt=\"images (3)\" width=\"219\" height=\"48\" \/><\/a>Us informem que\u00a0<strong>avui<\/strong>\u00a0mateix, 28 de maig,\u00a0<strong>s\u2019ha publicat al Butllet\u00ed Oficial de la Prov\u00edncia de Barcelona (BOPB) la convocat\u00f2ria de subvencions per a l\u2019arranjament i adequaci\u00f3 de locals de la ciutat de Barcelona<\/strong>\u00a0<strong>destinats<\/strong>\u00a0a activitats d\u2019educaci\u00f3 en el lleure d\u2019infants, adolescents i joves, i a\u00a0<strong>centres de culte d\u2019entitats religioses<\/strong>.\u00a0<strong><u><a href=\"https:\/\/bop.diba.cat\/scripts\/ftpisa.asp?fnew?bop2015&amp;05\/022015014817.pdf&amp;1\">https:\/\/bop.diba.cat\/scripts\/ftpisa.asp?fnew?bop2015&amp;05\/022015014817.pdf&amp;1<\/a><\/u><\/strong><\/p>\n<p><strong>El termini de presentaci\u00f3 de projectes finalitza el dia 22 de juny.<\/strong><\/p>\n<p>Trobareu les bases de la convocat\u00f2ria i els formularis de sol\u00b7licitud i descripci\u00f3 de projecte a les adreces seg\u00fcents al llarg del dia d\u2019avui:<\/p>\n<p><strong><u><a href=\"http:\/\/governobert.bcn.cat\/ca\/transparencia\/subvencions\">http:\/\/governobert.bcn.cat\/ca\/transparencia\/subvencions<\/a><\/u><\/strong>\u00a0i<\/p>\n<p><strong><u><a href=\"http:\/\/www.bcn.cat\/dretcivils\">www.bcn.cat\/dretscivils<\/a><\/u><\/strong><\/p>\n<p>A m\u00e9s, us adjuntem una presentaci\u00f3 explicativa de la convocat\u00f2ria i del proc\u00e9s de sol\u00b7licitud de les subvencions, aix\u00ed com les bases en versi\u00f3 de lectura f\u00e0cil.<\/p>\n<p>Recordeu que\u00a0<strong>les obres subvencionades s\u2019hauran d\u2019executar entre l\u20191 de juliol del 2015 i el 30 de juny de 2016<\/strong>.<\/p>\n<p>Podeu adre\u00e7ar els vostres dubtes i consultes a l\u2019Oficina d\u2019Afers Religiosos (932564342 \u2013\u00a0<u><a href=\"mailto:oar@bcn.cat\">oar@bcn.cat<\/a><\/u>).<\/p>\n","protected":false},"excerpt":{"rendered":"<p>Us informem que\u00a0avui\u00a0mateix, 28 de maig,\u00a0s\u2019ha publicat al Butllet\u00ed Oficial de la Prov\u00edncia de Barcelona (BOPB) la convocat\u00f2ria de subvencions per a l\u2019arranjament i adequaci\u00f3 de locals de la ciutat de Barcelona\u00a0destinats\u00a0a activitats d\u2019educaci\u00f3 en el lleure d\u2019infants, adolescents i joves, i a\u00a0centres de culte d\u2019entitats religioses.\u00a0https:\/\/bop.diba.cat\/scripts\/ftpisa.asp?fnew?bop2015&amp;05\/022015014817.pdf&amp;1 El termini de presentaci\u00f3 de projectes finalitza el [&hellip;]<\/p>\n","protected":false},"author":1,"featured_media":0,"comment_status":"open","ping_status":"open","sticky":false,"template":"","format":"standard","meta":{"_jetpack_memberships_contains_paid_content":false,"footnotes":""},"categories":[4],"tags":[],"class_list":["post-1222","post","type-post","status-publish","format-standard","hentry","category-noticies"],"jetpack_sharing_enabled":true,"jetpack_featured_media_url":"","_links":{"self":[{"href":"https:\/\/eec.cat\/blog\/wp-json\/wp\/v2\/posts\/1222","targetHints":{"allow":["GET"]}}],"collection":[{"href":"https:\/\/eec.cat\/blog\/wp-json\/wp\/v2\/posts"}],"about":[{"href":"https:\/\/eec.cat\/blog\/wp-json\/wp\/v2\/types\/post"}],"author":[{"embeddable":true,"href":"https:\/\/eec.cat\/blog\/wp-json\/wp\/v2\/users\/1"}],"replies":[{"embeddable":true,"href":"https:\/\/eec.cat\/blog\/wp-json\/wp\/v2\/comments?post=1222"}],"version-history":[{"count":0,"href":"https:\/\/eec.cat\/blog\/wp-json\/wp\/v2\/posts\/1222\/revisions"}],"wp:attachment":[{"href":"https:\/\/eec.cat\/blog\/wp-json\/wp\/v2\/media?parent=1222"}],"wp:term":[{"taxonomy":"category","embeddable":true,"href":"https:\/\/eec.cat\/blog\/wp-json\/wp\/v2\/categories?post=1222"},{"taxonomy":"post_tag","embeddable":true,"href":"https:\/\/eec.cat\/blog\/wp-json\/wp\/v2\/tags?post=1222"}],"curies":[{"name":"wp","href":"https:\/\/api.w.org\/{rel}","templated":true}]}}