{"id":1218,"date":"2015-05-25T16:03:04","date_gmt":"2015-05-25T16:03:04","guid":{"rendered":"http:\/\/eec.cat\/blog\/?p=1218"},"modified":"2015-05-25T16:03:04","modified_gmt":"2015-05-25T16:03:04","slug":"el-sinode-nacional-de-lesglesia-protestant-unida-de-franca-es-reuneix-a-seta-sete-al-centre-du-lazaret-del-14-al-17-de-maig-de-2015","status":"publish","type":"post","link":"https:\/\/eec.cat\/blog\/el-sinode-nacional-de-lesglesia-protestant-unida-de-franca-es-reuneix-a-seta-sete-al-centre-du-lazaret-del-14-al-17-de-maig-de-2015\/","title":{"rendered":"El S\u00ednode nacional de l\u2019Esgl\u00e9sia Protestant Unida de Fran\u00e7a es reuneix a Seta (S\u00e8te), al Centre du Lazaret, del 14 al 17 de maig de 2015."},"content":{"rendered":"<p><img loading=\"lazy\" decoding=\"async\" class=\"alignleft size-medium wp-image-1219\" src=\"http:\/\/eec.cat\/blog\/wp-content\/uploads\/2015\/05\/eglise_protestante_unie_de_france_logo-300x156.jpg\" alt=\"eglise_protestante_unie_de_france_logo\" width=\"300\" height=\"156\" srcset=\"https:\/\/eec.cat\/blog\/wp-content\/uploads\/2015\/05\/eglise_protestante_unie_de_france_logo-300x156.jpg 300w, https:\/\/eec.cat\/blog\/wp-content\/uploads\/2015\/05\/eglise_protestante_unie_de_france_logo.jpg 475w\" sizes=\"auto, (max-width: 300px) 100vw, 300px\" \/>(Font:<em> Iglesia Evang\u00e9lica Espa\u00f1ola<\/em>)\u00a0El S\u00ednode va comen\u00e7ar dijous les seves sessions amb un temps de preg\u00e0ria a c\u00e0rrec de les diaconesses de Reuilly. La preg\u00e0ria i la meditaci\u00f3 b\u00edblica van tenir com a objectiu centrar-nos en el Crist i en el missatge d&#8217;Efesis 4, 1-13: \u201c un sol cos i un sol esperit\u201d tal com va recon\u00e8ixer el president, un missatge que il\u00b7luminar\u00e0 tot el S\u00ednode.<\/p>\n<p>Delegats de tot Fran\u00e7a, luterans i reformats, en nombre de 158 es reunien per al govern de l&#8217;esgl\u00e9sia un cop treballada a fons la documentaci\u00f3 en els s\u00ednodes regionals.<\/p>\n<p>El president de l&#8217;Esgl\u00e9sia Protestant Unida de Fran\u00e7a (EPUdF), el pastor Laurent Schlumberger, va llen\u00e7ar un missatge sobre la \u201cFraternitat compartida: Una set angoixosa de fraternitat\u201d, en la qual recordava els esdeveniments del passat 11 de gener amb les manifestacions de reacci\u00f3 a l&#8217;atemptat contra el setmanari Charlie Hebdo; la seva crida era a una esgl\u00e9sia que sigui una comunitat de testimonis, una esgl\u00e9sia fraterna que s&#8217;emmiralli en Jesucrist, que testifiqui de forma conjunta aquesta\u00a0 fraternitat i que treballi per un m\u00f3n\u00a0 m\u00e9s fraternal.<\/p>\n<p>Un dels temes en qu\u00e8 l&#8217;Esgl\u00e9sia Protestant\u00a0 Unida de Fran\u00e7a est\u00e0 obrint cam\u00ed \u00e9s en l&#8217;elaboraci\u00f3 d&#8217;una nova Confessi\u00f3 de Fe per al 2017, un proc\u00e9s molt interessant sobre el que signifiquen, avui, les 95 tesis de Mart\u00ed Luter i quines serien les nostres 95 tesis actualment.<\/p>\n<p>Les primeres preguntes es concentren en quatre temes: RESISTIR: a qu\u00e8 cal resistir avui? ; TESTIFICAR: com donar testimoni de la confian\u00e7a avui? ; SER CRISTI\u00c0, en la societat d&#8217;avui\u00a0 i LLEGIR LA B\u00cdBLIA: de quina manera la B\u00edblia \u00e9s avui un suport per a nosaltres? Vegeu <a href=\"http:\/\/www.theses2017.fr\/\">www.theses2017.fr<\/a><\/p>\n<p>Un altre dels grans temes \u00e9s la Benedicci\u00f3: \u201c Beneir: Testimonis de l&#8217;Evangeli en l&#8217;acompanyament de les persones i de les parelles\u201d molt orientat al reconeixement del matrimoni entre persones del mateix sexe. Ha resultat exemplar l&#8217;estudi i la documentaci\u00f3 distribu\u00efda, el debat dels S\u00ednodes regionals i el treball b\u00edblic i teol\u00f2gic d&#8217;aproximaci\u00f3 a aquesta q\u00fcesti\u00f3, cosa que demostra que el debat no es pot simplificar sin\u00f3 que, per contra, \u00e9s important aproximar-se a aquest tema tenint present totes les seves dimensions. Durant les sessions del S\u00ednode es va aprofundir en aquest tema sinodal. Documentaci\u00f3: <a href=\"http:\/\/www.eglise-protestante-unie.fr\/\">www.eglise-protestante-unie.fr\/<\/a><\/p>\n<p>Alfredo Abad<\/p>\n","protected":false},"excerpt":{"rendered":"<p>(Font: Iglesia Evang\u00e9lica Espa\u00f1ola)\u00a0El S\u00ednode va comen\u00e7ar dijous les seves sessions amb un temps de preg\u00e0ria a c\u00e0rrec de les diaconesses de Reuilly. La preg\u00e0ria i la meditaci\u00f3 b\u00edblica van tenir com a objectiu centrar-nos en el Crist i en el missatge d&#8217;Efesis 4, 1-13: \u201c un sol cos i un sol esperit\u201d tal com [&hellip;]<\/p>\n","protected":false},"author":1,"featured_media":1219,"comment_status":"open","ping_status":"open","sticky":false,"template":"","format":"standard","meta":{"_jetpack_memberships_contains_paid_content":false,"footnotes":""},"categories":[6,4],"tags":[15],"class_list":["post-1218","post","type-post","status-publish","format-standard","has-post-thumbnail","hentry","category-reflexions","category-noticies","tag-esglesia-protestant-unida-de-franca"],"jetpack_sharing_enabled":true,"jetpack_featured_media_url":"https:\/\/eec.cat\/blog\/wp-content\/uploads\/2015\/05\/eglise_protestante_unie_de_france_logo.jpg","_links":{"self":[{"href":"https:\/\/eec.cat\/blog\/wp-json\/wp\/v2\/posts\/1218","targetHints":{"allow":["GET"]}}],"collection":[{"href":"https:\/\/eec.cat\/blog\/wp-json\/wp\/v2\/posts"}],"about":[{"href":"https:\/\/eec.cat\/blog\/wp-json\/wp\/v2\/types\/post"}],"author":[{"embeddable":true,"href":"https:\/\/eec.cat\/blog\/wp-json\/wp\/v2\/users\/1"}],"replies":[{"embeddable":true,"href":"https:\/\/eec.cat\/blog\/wp-json\/wp\/v2\/comments?post=1218"}],"version-history":[{"count":0,"href":"https:\/\/eec.cat\/blog\/wp-json\/wp\/v2\/posts\/1218\/revisions"}],"wp:featuredmedia":[{"embeddable":true,"href":"https:\/\/eec.cat\/blog\/wp-json\/wp\/v2\/media\/1219"}],"wp:attachment":[{"href":"https:\/\/eec.cat\/blog\/wp-json\/wp\/v2\/media?parent=1218"}],"wp:term":[{"taxonomy":"category","embeddable":true,"href":"https:\/\/eec.cat\/blog\/wp-json\/wp\/v2\/categories?post=1218"},{"taxonomy":"post_tag","embeddable":true,"href":"https:\/\/eec.cat\/blog\/wp-json\/wp\/v2\/tags?post=1218"}],"curies":[{"name":"wp","href":"https:\/\/api.w.org\/{rel}","templated":true}]}}