{"id":1215,"date":"2015-05-25T15:59:41","date_gmt":"2015-05-25T15:59:41","guid":{"rendered":"http:\/\/eec.cat\/blog\/?p=1215"},"modified":"2015-05-25T15:59:41","modified_gmt":"2015-05-25T15:59:41","slug":"per-que-la-generacio-del-mil%c2%b7lenni-esta-deixant-lesglesia","status":"publish","type":"post","link":"https:\/\/eec.cat\/blog\/per-que-la-generacio-del-mil%c2%b7lenni-esta-deixant-lesglesia\/","title":{"rendered":"Per qu\u00e8 la generaci\u00f3 del Mil\u00b7lenni  est\u00e0 deixant l\u2019esgl\u00e9sia?"},"content":{"rendered":"<p><img loading=\"lazy\" decoding=\"async\" class=\"alignleft size-medium wp-image-1216\" src=\"http:\/\/eec.cat\/blog\/wp-content\/uploads\/2015\/05\/milenialls1-300x173.jpg\" alt=\"milenialls1\" width=\"300\" height=\"173\" srcset=\"https:\/\/eec.cat\/blog\/wp-content\/uploads\/2015\/05\/milenialls1-300x173.jpg 300w, https:\/\/eec.cat\/blog\/wp-content\/uploads\/2015\/05\/milenialls1.jpg 640w\" sizes=\"auto, (max-width: 300px) 100vw, 300px\" \/>(Font: <a href=\"http:\/\/www.iee-es.org\/blog\/juventud\/2015\/05\/01\/por-que-la-generacion-del-milenio-esta-dejando-la-iglesia\/\" target=\"_blank\">Iglesia Evang\u00e9lica Espa\u00f1ola<\/a>\u00a0)Als meus 32 anys, tot just formo part de la generaci\u00f3 del mil\u00b7lenni.(1) Vaig escriure el meu primer assaig amb un llapis i un paper, per\u00f2 quan em vaig graduar a la Universitat, ja tenia un tel\u00e8fon m\u00f2bil i s&#8217;utilitzava \u201cgoogle\u201d com a verb. Encara recordo els n\u00fameros de tel\u00e8fon de casa dels meus vells amics de l&#8217;escola secund\u00e0ria, per\u00f2 no em pregunteu pel del meu marit perqu\u00e8 abans he de consultar el meu llistat al m\u00f2bil.<\/p>\n<p>Encara conservo cintes\u00a0 barrejades que inclouen m\u00fasica de Nirvana i de Pearl Jam , per\u00f2 mai no he fet plans\u00a0 per a un viatge sense \u201cTravelocity\u201d. Malgrat tenir un peu a la generaci\u00f3 X (2) tinc tend\u00e8ncia a identificar-me m\u00e9s aviat amb les actituds i els \u201cetos\u201d de la generaci\u00f3 del mil\u00b7lenni i, per aix\u00f2, els meus companys l\u00edders evang\u00e8lics em pregunten sovint sobre les causes per les quals la generaci\u00f3 del mil\u00b7lenni est\u00e0 abandonant l&#8217;esgl\u00e9sia.<\/p>\n<p>Amb les darreres enquestes a la m\u00e0 i amb els testimonis personals d&#8217;amics i de lectors, els explico que els joves perceben el cristianisme evang\u00e8lic com una cosa molt polititzada, massa exclusiu, passat de moda, despreocupat amb la just\u00edcia social i hostil envers les persones lesbianes, gais, bisexuals i transsexuals.<\/p>\n<p>Els mostro les investigacions que evidencien que els\/les joves evang\u00e8lics\/ques, sovint veuen que han d&#8217;elegir entre la seva integritat intel\u00b7lectual\u00a0 i la seva fe; entre la ci\u00e8ncia i el cristianisme; entre la compassi\u00f3 i la santedat. Parlo de com l&#8217;obsessi\u00f3 evang\u00e8lica\u00a0 amb el sexe pot fer que la vida cristiana sembli alguna cosa aix\u00ed com un llistat de regles i com la generaci\u00f3 del mil\u00b7lenni anhela comunitats de fe, en les quals hom pugui plantejar-se lliurement preguntes dif\u00edcils i que tamb\u00e9 se&#8217;ls doni un espai per al dubte.<\/p>\n<p>Invariablement, un cop acabada la meva presentaci\u00f3 i obert un temps per a rebre preguntes, el pastor aixeca la m\u00e0 i diu.\u201d aix\u00ed que el que est\u00e0s dient \u00e9s que necessitem bandes en el culte, que estiguin m\u00e9s a la moda&#8230;\u201d i \u00e9s aleshores\u00a0 quan em fan sortir de polleguera.<\/p>\n<p>Un cop i un altre cop, els\/les l\u00edders cristians\/nes\u00a0 &#8211; i especialment els evang\u00e8lics \u2013 assumeixen que per tal d&#8217;atreure de nou els\/les adolescents de quinze anys a l&#8217;esgl\u00e9sia, nom\u00e9s cal fer alguns canvis d&#8217;estil: m\u00fasica m\u00e9s vanguardista, serveis m\u00e9s casuals, posar una cafeteria a la sala de reunions, que el\/la pastor\/a vagi amb texans ajustats, una p\u00e0gina web actualitzada que inclogui les ofertes \u201con line\u201d, etc.<\/p>\n<p>Per\u00f2 aquesta \u00e9s la q\u00fcesti\u00f3: el fet d&#8217;haver estat sotmesa a la publicitat durant tota la vida, fa que la generaci\u00f3 del mil\u00b7lenni sigui altament sensible a les coses ximples i absurdes\u00a0 i no s&#8217;impressioni f\u00e0cilment\u00a0 amb el consumisme o amb els shows. De fet, jo diria\u00a0 que l&#8217;esgl\u00e9sia &#8211; com a show- \u00e9s una de les coses que ens allunya d&#8217;ella i, especialment, de les evang\u00e8liques.<\/p>\n<p>Molts de nosaltres, inclosa jo mateixa, ens estem trobant cada cop m\u00e9s a nosaltres mateixos\/xes dibuixats\/des en les tradicions cristianes m\u00e9s antigues com el catolicisme, l&#8217;ortod\u00f2xia oriental, l&#8217;esgl\u00e9sia episcopal, etc&#8230; perqu\u00e8 les seves formes de lit\u00fargia s\u00f3n tan modestes, tan despreocupades amb el clix\u00e9 de ser \u201ccool\u201d que aix\u00f2\u00a0 \u00e9s aut\u00e8ntic i refrescant per a nosaltres.<\/p>\n<p>All\u00f2 que la generaci\u00f3 del mil\u00b7lenni vol, realment, de l&#8217;esgl\u00e9sia , no \u00e9s pas un canvi d&#8217;estil, sin\u00f3 un canvi de fons.<\/p>\n<p>Volem posar fi\u00a0 a les guerres culturals, volem una treva entre ci\u00e8ncia i fe; volem ser coneguts per all\u00f2 a qu\u00e8 donem suport i promovem i no pas per a all\u00f2 que condemnem.<\/p>\n<p>Volem fer preguntes que no tinguin respostes predeterminades.<\/p>\n<p>Volem esgl\u00e9sies que remarquin\u00a0 una lleialtat al Regne de D\u00e9u, per sobre d&#8217;una lleialtat a un partit pol\u00edtic o a una naci\u00f3.<\/p>\n<p>Volem que els nostres amics de la comunitat LGBT (lesbianes, gais, bisexuals i transsexuals) se sentin, realment, benvinguts\/des a les nostres comunitats de fe.Volem ser desafiats\/des\u00a0 a viure una vida de santedat, no \u00fanicament quan es tracta de sexe, sin\u00f3, tamb\u00e9, quan es tracta de viure amb senzillesa, d&#8217;acompanyar els\/les pobres i oprimits\/des, tot buscant la reconciliaci\u00f3, units\/des en la cura de la creaci\u00f3 i essent promotors\/res de la pau.<\/p>\n<p>Les esgl\u00e9sies no poden oferir-nos un caf\u00e8 amb llet i despr\u00e9s tornar als seus negocis de sempre i esperar que nosaltres ens hi quedem. No estem abandonant\u00a0 les esgl\u00e9sies\u00a0 perqu\u00e8 no hi trobem coses \u201ccool\u201d; ens n&#8217;estem anant perqu\u00e8 no hi trobem Jes\u00fas. De la mateixa manera que totes les generacions anteriors a la nostra i com cada generaci\u00f3 futura, en el fons\u00a0 all\u00f2 que anhelem \u00e9s trobar Jes\u00fas.<\/p>\n<p>Ara aquestes tend\u00e8ncies s&#8217;apliquen no nom\u00e9s a la generaci\u00f3 del mil\u00b7lenni, sin\u00f3, tamb\u00e9, a moltes persones d&#8217;altres generacions. Cada vegada que escric sobre aquest tema, all\u00f2 que llegeixo de la gent de quaranta o m\u00e9s anys, d&#8217;avis\/es, de la generaci\u00f3 X\u00a0 i de jubilats\/des, s\u00f3n notes que m&#8217;envien\u00a0 amb missatges en maj\u00fascules, que em diuen: \u201cjo, tamb\u00e9\u201d. Aix\u00ed, doncs, no voldria fer m\u00e9s gran la bretxa del que realment \u00e9s.<\/p>\n<p>Per\u00f2 m&#8217;agradaria animar els l\u00edders de l&#8217;esgl\u00e9sia, amb ganes de tornar a guanyar-se la generaci\u00f3 del mil\u00b7lenni, que s&#8217;asseguin amb els joves i parlin amb franquesa sobre els que ells\/elles estan buscant i de quina manera voldrien contribuir a la comunitat de fe.<\/p>\n<p>Les seves respostes ens poden sorprendre.<\/p>\n<ol>\n<li>La generaci\u00f3 del mil\u00b7lenni tamb\u00e9 \u00e9s coneguda com a \u201cGeneraci\u00f3 Y\u201d o Mil\u00b7lenaris\/es, est\u00e0 integrada per les persones nascudes entre 1980 i 2000, s\u00f3n coneguts\/des tamb\u00e9 com els nadius digitals. Els joves que pertanyen a aquesta generaci\u00f3 tenen entre els 18 i els 32 anys. La converg\u00e8ncia digital s&#8217;ha incorporat a la seva quotidianitat. Han trencat el motllo i els clix\u00e9s; el que fan \u00e9s reinventar, inventar, innovar i emprendre, constantment, nous desafiaments.<\/li>\n<\/ol>\n<ol>\n<li>S&#8217;anomena Generaci\u00f3 X els nascuts entre 1969 i 1985. Aquesta generaci\u00f3, en la seva joventut, va ser testimoni de grans canvis com la caiguda de grans paradigmes: la caiguda del Mur de Berl\u00edn, la implosi\u00f3 del comunisme, l&#8217;explosi\u00f3 del Challenger, els acomiadaments massius\u00a0 dels &#8217;80 o\u00a0 les privatitzacions dels &#8217;90, entre d&#8217;altres. \u00c9s la generaci\u00f3 que va veure l&#8217;aparici\u00f3 de\u00a0 la sida amb les seves conseq\u00fc\u00e8ncies en els canvis de comportament que aix\u00f2 va dur aparellat respecte a les generacions anteriors. \u00c9s la generaci\u00f3 que comen\u00e7a a veure que ja no faran llargues carreres dins les empreses i que comencen a fer un balan\u00e7\u00a0 entre la seva vida personal i laboral. En oposici\u00f3 als baby boomers\u00a0 (els nascuts entre 1950 i 1960) que \u201cvan viure per a treballar\u201d, els X treballen per a viure.<\/li>\n<\/ol>\n<p>Hi ha qui generalitza i considera que aquesta generaci\u00f3 \u00e9s la que ha viscut de tot: des de les TV en blanc i negre, als TFT m\u00e9s n\u00edtids, a l&#8217;auge d&#8217;internet; s\u00f3n gent que ha jugat a bales, a corda,amb\u00a0 la baldufa, Pong,\u00a0 Atari, Nintendo, Sega i d&#8217;altres jocs recreatius de l&#8217;\u00e8poca, fins a les modernes\u00a0 Xbox, One, PlayStation 4 o Wii U.<\/p>\n<p>El terme \u201cGeneraci\u00f3 X\u201d va ser relativament popular en els mitjans de comunicaci\u00f3 de la d\u00e8cada de 1990 com a forma de designar els adolescents d&#8217;aquell moment (i que, ir\u00f2nicament, s\u00f3n els darrers membres de l&#8217;esmentada generaci\u00f3) tot associant-los, generalment, amb el canal MTV de televisi\u00f3.<\/p>\n<p>(Publicat amb el perm\u00eds de la United Methodist Church). Opini\u00f3 emesa per Rachel Held Evans, especial per a CNN.<\/p>\n","protected":false},"excerpt":{"rendered":"<p>(Font: Iglesia Evang\u00e9lica Espa\u00f1ola\u00a0)Als meus 32 anys, tot just formo part de la generaci\u00f3 del mil\u00b7lenni.(1) Vaig escriure el meu primer assaig amb un llapis i un paper, per\u00f2 quan em vaig graduar a la Universitat, ja tenia un tel\u00e8fon m\u00f2bil i s&#8217;utilitzava \u201cgoogle\u201d com a verb. Encara recordo els n\u00fameros de tel\u00e8fon de casa [&hellip;]<\/p>\n","protected":false},"author":1,"featured_media":1216,"comment_status":"open","ping_status":"open","sticky":false,"template":"","format":"standard","meta":{"_jetpack_memberships_contains_paid_content":false,"footnotes":""},"categories":[6],"tags":[81,82,83],"class_list":["post-1215","post","type-post","status-publish","format-standard","has-post-thumbnail","hentry","category-reflexions","tag-esglesia","tag-generacio-del-millenni","tag-joves"],"jetpack_sharing_enabled":true,"jetpack_featured_media_url":"https:\/\/eec.cat\/blog\/wp-content\/uploads\/2015\/05\/milenialls1.jpg","_links":{"self":[{"href":"https:\/\/eec.cat\/blog\/wp-json\/wp\/v2\/posts\/1215","targetHints":{"allow":["GET"]}}],"collection":[{"href":"https:\/\/eec.cat\/blog\/wp-json\/wp\/v2\/posts"}],"about":[{"href":"https:\/\/eec.cat\/blog\/wp-json\/wp\/v2\/types\/post"}],"author":[{"embeddable":true,"href":"https:\/\/eec.cat\/blog\/wp-json\/wp\/v2\/users\/1"}],"replies":[{"embeddable":true,"href":"https:\/\/eec.cat\/blog\/wp-json\/wp\/v2\/comments?post=1215"}],"version-history":[{"count":0,"href":"https:\/\/eec.cat\/blog\/wp-json\/wp\/v2\/posts\/1215\/revisions"}],"wp:featuredmedia":[{"embeddable":true,"href":"https:\/\/eec.cat\/blog\/wp-json\/wp\/v2\/media\/1216"}],"wp:attachment":[{"href":"https:\/\/eec.cat\/blog\/wp-json\/wp\/v2\/media?parent=1215"}],"wp:term":[{"taxonomy":"category","embeddable":true,"href":"https:\/\/eec.cat\/blog\/wp-json\/wp\/v2\/categories?post=1215"},{"taxonomy":"post_tag","embeddable":true,"href":"https:\/\/eec.cat\/blog\/wp-json\/wp\/v2\/tags?post=1215"}],"curies":[{"name":"wp","href":"https:\/\/api.w.org\/{rel}","templated":true}]}}