{"id":1212,"date":"2015-05-24T21:04:22","date_gmt":"2015-05-24T21:04:22","guid":{"rendered":"http:\/\/eec.cat\/blog\/?p=1212"},"modified":"2015-05-24T21:04:22","modified_gmt":"2015-05-24T21:04:22","slug":"dia-a-dia-25-de-maig-31-de-maig-2015","status":"publish","type":"post","link":"https:\/\/eec.cat\/blog\/dia-a-dia-25-de-maig-31-de-maig-2015\/","title":{"rendered":"Dia a Dia. 25 de maig &#8211; 31 de maig 2015"},"content":{"rendered":"<p><strong><span style=\"text-decoration: underline;\"><span style=\"color: #0000ff; text-decoration: underline;\"><a href=\"http:\/\/eec.cat\/blog\/wp-content\/uploads\/2015\/05\/sem-15-embalse-Mediano-Huesca1134.jpg\"><img loading=\"lazy\" decoding=\"async\" class=\"alignleft size-thumbnail wp-image-1213\" src=\"http:\/\/eec.cat\/blog\/wp-content\/uploads\/2015\/05\/sem-15-embalse-Mediano-Huesca1134-150x150.jpg\" alt=\"sem 15 embalse Mediano (Huesca)1134\" width=\"150\" height=\"150\" \/><\/a>Dilluns, 25 de maig<\/span><\/span><\/strong><br \/>\nProverbis 4, 20-27<\/p>\n<p>Senyor i D\u00e9u meu, vull mantenir el meu cor pur, omplir-lo de la teva paraula, que estigui guarit pel teu amor i acaronat per la teva fidelitat. No permetis que taqui all\u00f2 de preci\u00f3s que has fet en mi, que s\u2019allunyin les tenebres i no caigui en la temptaci\u00f3 de tornar als camins malvats. Guarda\u2019m Senyor i transforma\u2019m.<\/p>\n<p><strong><span style=\"text-decoration: underline;\"><span style=\"color: #0000ff; text-decoration: underline;\">Dimarts, 26 de maig<\/span><\/span><\/strong><br \/>\nProverbis 8, 1-11<\/p>\n<p>Quina meravella \u00e9s pensar que ens ofereixes all\u00f2 de necessari per viure, que sorprenent que vulguis, Senyor, omplir els nostres cors i les nostres ments de la teva saviesa, \u00e9s a l\u2019abast de tothom i totadon, per\u00f2 quantes vegades l\u2019hem rebutjat? Ens en confiat a la saviesa humana i hem oblidat que la teva era a les portes esperant entrar. Senyor, fes girar els nostres camins, porta\u2019ns cap a tu.<\/p>\n<p><strong><span style=\"text-decoration: underline;\"><span style=\"color: #0000ff; text-decoration: underline;\">Dimecres, 27 de maig<\/span><\/span><\/strong><br \/>\nProverbis 8, 12-21<\/p>\n<p>El consell de la teva saviesa ens encamina cap a la just\u00edcia, perqu\u00e8 certament aquest \u00e9s el dels que es deixen guiar pels teus consells. Gr\u00e0cies Senyor perqu\u00e8 all\u00f2 de perfecte que hi ha en tu vols compartir-ho amb la teva creaci\u00f3. No t\u2019amaguis de nosaltres, omple\u2019ns dels teus bens.<\/p>\n<p><strong><span style=\"text-decoration: underline;\"><span style=\"color: #0000ff; text-decoration: underline;\">Dijous, 28 de maig<\/span><\/span><\/strong><br \/>\nProverbis 8, 22-31<\/p>\n<p>\u00c9s preci\u00f3s pensar, Senyor, que tota la teva creaci\u00f3 est\u00e0 sustentada en la teva saviesa; \u00e9s meravell\u00f3s adonar-nos que l\u2019atzar no \u00e9s la nostra causa, sin\u00f3 que \u00e9s en el teu seny que tot ha arribat a ser el que \u00e9s. Et vas estimar tant all\u00f2 que arribaria a ser, que el seu fonament fou la intel\u00b7lig\u00e8ncia del teu pensament, gr\u00e0cies Senyor.<\/p>\n<p><strong><span style=\"text-decoration: underline;\"><span style=\"color: #0000ff; text-decoration: underline;\">Divendres, 29 de maig<\/span><\/span><\/strong><br \/>\nProverbis 8, 32-36<\/p>\n<p>Senyor i D\u00e9u meu, que el teu consell sempre m\u2019acompanyi, que la teva intel\u00b7lig\u00e8ncia aconselli al meu seny i que la teva saviesa inspiri cadascuna de les decisions que he de prendre. Gr\u00e0cies Senyor perqu\u00e8 ens has revelat que la veritable saviesa est\u00e0 en el teu coneixement.<\/p>\n<p><strong><span style=\"text-decoration: underline;\"><span style=\"color: #0000ff; text-decoration: underline;\">Dissabte, 30 de maig<\/span><\/span><\/strong><br \/>\nProverbis 9, 1-6<\/p>\n<p>Gr\u00e0cies Senyor perqu\u00e8 no busques els intel\u00b7ligents per oferir-lis la teva saviesa, ni els poderosos d\u2019aquest m\u00f3n perqu\u00e8 visquin en el teu seny. Gr\u00e0cies Senyor perqu\u00e8 has ofert el teu coneixement a totes i tots els habitants de la terra, gr\u00e0cies perqu\u00e8 el teu consell pot residir en el cor m\u00e9s humil. Gr\u00e0cies perqu\u00e8 m\u2019has convidat a la teva festa, per instruir-me i ensenyar-me a caminar.<\/p>\n<p><strong><span style=\"text-decoration: underline;\"><span style=\"color: #0000ff; text-decoration: underline;\">Diumenge, 31 de maig<\/span><\/span><\/strong><br \/>\nSalm 131<\/p>\n<p>Senyor i D\u00e9u meu, com la meva mare ets per mi, aquella que m\u2019estima, m\u00e9s enll\u00e0 de les meves errades, aquella que m\u2019acarona en mig dels meus plors, la que em guareix les ferides de les meves pr\u00f2pies caigudes. Gr\u00e0cies Senyor perqu\u00e8 el teu amor per mi \u00e9s immens, fes-m\u2019ho recordar en els moments dif\u00edcils, grava-ho amb foc dins el meu pit, perqu\u00e8 sempre s\u00e0piga que ets tu en qui puc confiar.<\/p>\n","protected":false},"excerpt":{"rendered":"<p>Dilluns, 25 de maig Proverbis 4, 20-27 Senyor i D\u00e9u meu, vull mantenir el meu cor pur, omplir-lo de la teva paraula, que estigui guarit pel teu amor i acaronat per la teva fidelitat. No permetis que taqui all\u00f2 de preci\u00f3s que has fet en mi, que s\u2019allunyin les tenebres i no caigui en la [&hellip;]<\/p>\n","protected":false},"author":1,"featured_media":0,"comment_status":"open","ping_status":"open","sticky":false,"template":"","format":"standard","meta":{"_jetpack_memberships_contains_paid_content":false,"footnotes":""},"categories":[7],"tags":[],"class_list":["post-1212","post","type-post","status-publish","format-standard","hentry","category-meditacions-diaries"],"jetpack_sharing_enabled":true,"jetpack_featured_media_url":"","_links":{"self":[{"href":"https:\/\/eec.cat\/blog\/wp-json\/wp\/v2\/posts\/1212","targetHints":{"allow":["GET"]}}],"collection":[{"href":"https:\/\/eec.cat\/blog\/wp-json\/wp\/v2\/posts"}],"about":[{"href":"https:\/\/eec.cat\/blog\/wp-json\/wp\/v2\/types\/post"}],"author":[{"embeddable":true,"href":"https:\/\/eec.cat\/blog\/wp-json\/wp\/v2\/users\/1"}],"replies":[{"embeddable":true,"href":"https:\/\/eec.cat\/blog\/wp-json\/wp\/v2\/comments?post=1212"}],"version-history":[{"count":0,"href":"https:\/\/eec.cat\/blog\/wp-json\/wp\/v2\/posts\/1212\/revisions"}],"wp:attachment":[{"href":"https:\/\/eec.cat\/blog\/wp-json\/wp\/v2\/media?parent=1212"}],"wp:term":[{"taxonomy":"category","embeddable":true,"href":"https:\/\/eec.cat\/blog\/wp-json\/wp\/v2\/categories?post=1212"},{"taxonomy":"post_tag","embeddable":true,"href":"https:\/\/eec.cat\/blog\/wp-json\/wp\/v2\/tags?post=1212"}],"curies":[{"name":"wp","href":"https:\/\/api.w.org\/{rel}","templated":true}]}}