{"id":121,"date":"2013-07-01T09:34:59","date_gmt":"2013-07-01T09:34:59","guid":{"rendered":"http:\/\/eec.cat\/blog\/?p=121"},"modified":"2013-07-11T09:37:11","modified_gmt":"2013-07-11T09:37:11","slug":"dia-a-dia-1-juliol-7-juliol","status":"publish","type":"post","link":"https:\/\/eec.cat\/blog\/dia-a-dia-1-juliol-7-juliol\/","title":{"rendered":"Dia a Dia. 1 Juliol &#8211; 7 Juliol"},"content":{"rendered":"<p><strong><img loading=\"lazy\" decoding=\"async\" class=\"alignleft size-medium wp-image-122\" alt=\"costadorada\" src=\"http:\/\/eec.cat\/blog\/wp-content\/uploads\/2013\/07\/costadorada-300x142.jpg\" width=\"300\" height=\"142\" srcset=\"https:\/\/eec.cat\/blog\/wp-content\/uploads\/2013\/07\/costadorada-300x142.jpg 300w, https:\/\/eec.cat\/blog\/wp-content\/uploads\/2013\/07\/costadorada.jpg 735w\" sizes=\"auto, (max-width: 300px) 100vw, 300px\" \/>Dilluns 1 de juliol G\u00e8nesi 8, 18-22<\/strong><\/p>\n<p>Els cicles de la natura ens han acompanyat durant tot el temps de la humanitat, aquest s\u00f3n cicles de contrastos que ens marquen els nostres ritmes, tamb\u00e9 els ritmes del descans. Descansem, meditem i siguem agra\u00efts al Senyor perqu\u00e8 en la seva m\u00e0 descansa la natura, que mai perd el seu ritme.<\/p>\n<p><strong>Dimarts 2 de juliol \u00c8xode 5, 1-5<\/strong><\/p>\n<p>La imatge del fara\u00f3 \u00e9s la del imperi que no vol donar descans al poble, perqu\u00e8 en el descans \u00e9s quan ens adonem de l\u2019opressi\u00f3 a la que som sotmesos. Mentre estem immersos en les rutines di\u00e0ries no ens adonem de quina \u00e9s la nostra situaci\u00f3, sota quina pressi\u00f3 viv\u00edem les nostres vides. D\u00e9u demana tres dies, per\u00f2 aquest dies poden acabar sent l\u2019inici d\u2019un gran \u00e8xode, que ens porti fora del cercle d\u2019opressi\u00f3 al que la societat que ens envolta vol portar-nos.<\/p>\n<p><strong>Dimecres 3 de juliol \u00c8xode 16, 21-30<\/strong><\/p>\n<p>La por a la mancan\u00e7a, el temor a que no hi hagi un plat a taula, \u2026 no \u00e9s f\u00e0cil confiar en D\u00e9u quan solament depenem d\u2019ell per el nostre aliment. En els temps que vivim hi ha masses persones que el seu dia de rep\u00f2s s\u2019ha convertit en perpetuo, aquest any 2013 hi ha cada dia m\u00e9s persones que solament poden confiar en D\u00e9u per menjar. Preguem per ells, perqu\u00e8 trobin feina, perqu\u00e8 el dia de descans torni a cobrar sentit a les seves vides, i no oblidem que D\u00e9u proveeix, sobre tot a trav\u00e9s de les nostres mans.<\/p>\n<p><strong>Dijous 4 de juliol \u00c8xode 20, 1-17<\/strong><\/p>\n<p>En mig dels deu manaments, en mig del centre de la llei, trobem l\u2019obligaci\u00f3 del dia de rep\u00f2s, una obligaci\u00f3 universal; aquesta no \u00e9s per els rics, aquesta no \u00e9s per el homes, aquesta no \u00e9s per aquell que t\u00e9 drets, el dia de rep\u00f2s \u00e9s per tots, des dels animals fins els esclaus, fins els estrangers que viuen entre nosaltres. No matar\u00e0s, no treballares el dia de rep\u00f2s, una obligaci\u00f3 \u00e9s tan important com l\u2019altre. I sobre tot, recorda que el teu descans i els d\u2019aquells que t\u2019envolten est\u00e0 dedicat a D\u00e9u.<\/p>\n<p><strong>Divendres 5 de juliol \u00c8xode 34, 29 \u2013 35, 3<\/strong><\/p>\n<p>Mois\u00e8s va baixar de la muntanya i el primer que li digu\u00e9 al poble \u00e9s que havia de reposar, abans fins i tot de donar instruccions sobre el culte i el santuari, Mois\u00e8s els hi recorda com \u00e9s d\u2019important el dissabte, el dia de descans. I \u00e9s que el israelites eren un poble d\u2019esclaus acostumats a treballar dia rere dia sense descans, sense temps ni per meditar ni per pregar. No deixem que la bogeria que ens envolta ens pertorbi l\u2019enteniment, necessitem espais per dedicar-li a D\u00e9u, necessitem temps de descans.<\/p>\n<p><strong>Dissabte 6 de juliol Mateu 12, 1-8<\/strong><\/p>\n<p>D\u2019aquella llei que pretenia donar espais de reflexi\u00f3 i meditaci\u00f3 per l\u2019\u00e9sser hum\u00e0, d\u2019aquell dissabte que volia ser un dia dedicat a D\u00e9u, el fariseisme jueu n\u2019havia fet una c\u00e0rrega. Per\u00f2 Jes\u00fas tornar a donar sentit a all\u00f2 que D\u00e9u volia, no \u00e9s pas una q\u00fcesti\u00f3 de kil\u00f2metres que pots caminar, no \u00e9s pas un problema de si pots o no recollir espigues, la principal resposta \u00e9s que mai cap llei est\u00e0 per sobre de la dignitat i la necessitat humana, cap llei pot fer mal a les persones perqu\u00e8 el Fill de l\u2019Home \u00e9s senyor del dissabte, i el Fill de l\u2019Home estima la humanitat.<\/p>\n<p><strong>Diumenge 7 de juliol Mateu 12, 9-13<\/strong><\/p>\n<p>En un intent de fer caure Jes\u00fas en un parany el fariseus li demanen que, tal i com a fet als camps, ara declari en mig de la sinagoga la seva nova visi\u00f3 del dia de rep\u00f2s; per\u00f2 Jes\u00fas els hi demostra la seva pr\u00f2pia hipocresia. Com \u00e9s de f\u00e0cil enganyar-nos a nosaltres mateixos! All\u00f2 que volem fer obligatori no ens ho apliquem, all\u00f2 que creiem inamovible ho canviem quan ens conv\u00e9. Descansa aquest diumenge, lloa a D\u00e9u i prega, perqu\u00e8 en ell trobem la coher\u00e8ncia per a les nostres vides.<\/p>\n","protected":false},"excerpt":{"rendered":"<p>Dilluns 1 de juliol G\u00e8nesi 8, 18-22 Els cicles de la natura ens han acompanyat durant tot el temps de la humanitat, aquest s\u00f3n cicles de contrastos que ens marquen els nostres ritmes, tamb\u00e9 els ritmes del descans. Descansem, meditem i siguem agra\u00efts al Senyor perqu\u00e8 en la seva m\u00e0 descansa la natura, que mai [&hellip;]<\/p>\n","protected":false},"author":1,"featured_media":0,"comment_status":"open","ping_status":"open","sticky":false,"template":"","format":"standard","meta":{"_jetpack_memberships_contains_paid_content":false,"footnotes":""},"categories":[7],"tags":[16],"class_list":["post-121","post","type-post","status-publish","format-standard","hentry","category-meditacions-diaries","tag-dia-a-dia"],"jetpack_sharing_enabled":true,"jetpack_featured_media_url":"","_links":{"self":[{"href":"https:\/\/eec.cat\/blog\/wp-json\/wp\/v2\/posts\/121","targetHints":{"allow":["GET"]}}],"collection":[{"href":"https:\/\/eec.cat\/blog\/wp-json\/wp\/v2\/posts"}],"about":[{"href":"https:\/\/eec.cat\/blog\/wp-json\/wp\/v2\/types\/post"}],"author":[{"embeddable":true,"href":"https:\/\/eec.cat\/blog\/wp-json\/wp\/v2\/users\/1"}],"replies":[{"embeddable":true,"href":"https:\/\/eec.cat\/blog\/wp-json\/wp\/v2\/comments?post=121"}],"version-history":[{"count":0,"href":"https:\/\/eec.cat\/blog\/wp-json\/wp\/v2\/posts\/121\/revisions"}],"wp:attachment":[{"href":"https:\/\/eec.cat\/blog\/wp-json\/wp\/v2\/media?parent=121"}],"wp:term":[{"taxonomy":"category","embeddable":true,"href":"https:\/\/eec.cat\/blog\/wp-json\/wp\/v2\/categories?post=121"},{"taxonomy":"post_tag","embeddable":true,"href":"https:\/\/eec.cat\/blog\/wp-json\/wp\/v2\/tags?post=121"}],"curies":[{"name":"wp","href":"https:\/\/api.w.org\/{rel}","templated":true}]}}